{"id":8305,"date":"2023-07-06T09:00:00","date_gmt":"2023-07-06T07:00:00","guid":{"rendered":"https:\/\/ravoire.fr\/blog\/?p=8305"},"modified":"2023-07-07T11:31:14","modified_gmt":"2023-07-07T09:31:14","slug":"quels-vins-emporter-dans-votre-valise-cet-ete","status":"publish","type":"post","link":"https:\/\/ravoire.fr\/blog\/quels-vins-emporter-dans-votre-valise-cet-ete\/","title":{"rendered":"Quels vins emporter dans votre valise cet \u00e9t\u00e9 ?"},"content":{"rendered":"\t\t<div data-elementor-type=\"wp-post\" data-elementor-id=\"8305\" class=\"elementor elementor-8305\">\n\t\t\t\t\t\t<section class=\"elementor-section elementor-top-section elementor-element elementor-element-4d9367e7 elementor-section-boxed elementor-section-height-default elementor-section-height-default qodef-elementor-content-no\" data-id=\"4d9367e7\" data-element_type=\"section\">\n\t\t\t\t\t\t<div class=\"elementor-container elementor-column-gap-default\">\n\t\t\t\t\t<div class=\"elementor-column elementor-col-100 elementor-top-column elementor-element elementor-element-4a1fd4d\" data-id=\"4a1fd4d\" data-element_type=\"column\">\n\t\t\t<div class=\"elementor-widget-wrap elementor-element-populated\">\n\t\t\t\t\t\t<div class=\"elementor-element elementor-element-15ae85ca elementor-widget elementor-widget-text-editor\" data-id=\"15ae85ca\" data-element_type=\"widget\" data-widget_type=\"text-editor.default\">\n\t\t\t\t<div class=\"elementor-widget-container\">\n\t\t\t\t\t\t\t\t\t<p><\/p>\n<p>Chers lecteurs amateurs de vins et de plaisirs estivaux, l&rsquo;\u00e9t\u00e9 est l\u00e0 pour r\u00e9veiller nos sens et \u00e9veiller nos papilles !<\/p>\n<p>Alors quels vins seront parfaits pour accompagner vos repas et soir\u00e9es d&rsquo;\u00e9t\u00e9. S&rsquo;il est un tr\u00e9sor gustatif que l&rsquo;on associe naturellement \u00e0 cette saison ensoleill\u00e9e, c&rsquo;est bien le vin de Provence, et plus pr\u00e9cis\u00e9ment\u00a0<a href=\"https:\/\/ravoire.fr\/Boutique\/content\/29-nos-vins-de-provence\"><b>le ros\u00e9 de Provence.<\/b><\/a>\u00a0Symbole d&rsquo;\u00e9vasion, de fra\u00eecheur et de convivialit\u00e9, il est l&rsquo;alli\u00e9 id\u00e9al de vos instants de d\u00e9tente, qu&rsquo;ils soient en bord de mer, en pique-nique champ\u00eatre ou terrasse urbaine.\u00a0<\/p>\n<p><\/p>\t\t\t\t\t\t\t\t<\/div>\n\t\t\t\t<\/div>\n\t\t\t\t<div class=\"elementor-element elementor-element-41785bf elementor-widget elementor-widget-heading\" data-id=\"41785bf\" data-element_type=\"widget\" data-widget_type=\"heading.default\">\n\t\t\t\t<div class=\"elementor-widget-container\">\n\t\t\t\t\t<h2 class=\"elementor-heading-title elementor-size-default\">AOP C\u00f4tes de Provence<\/h2>\t\t\t\t<\/div>\n\t\t\t\t<\/div>\n\t\t\t\t<div class=\"elementor-element elementor-element-b79a207 elementor-widget elementor-widget-text-editor\" data-id=\"b79a207\" data-element_type=\"widget\" data-widget_type=\"text-editor.default\">\n\t\t\t\t<div class=\"elementor-widget-container\">\n\t\t\t\t\t\t\t\t\t<p>Tout d&rsquo;abord, l&rsquo;appellation C\u00f4tes de Provence est la plus grande et la plus connue de la r\u00e9gion. Elle produit des vins ros\u00e9s l\u00e9gers, fruit\u00e9s et frais, qui sont id\u00e9aux pour accompagner les fruits de mer, les salades et les plats estivaux l\u00e9gers. Nos cuv\u00e9es\u00a0<a href=\"https:\/\/ravoire.fr\/Boutique\/gamme-manon\/44-89-gamme-manon-manon-aop-cotes-de-provence.html#\/26-quantite-a_l_unite\"><b>Manon<\/b><\/a>\u00a0et\u00a0<a href=\"https:\/\/ravoire.fr\/Boutique\/autres-cuvees-de-provence\/48-97-autres-cuvees-de-provence-chanrose-aop-cotes-de-provence.html#\/26-quantite-a_l_unite\"><b>Chanrose\u00a0<\/b><\/a>en sont les fers de lance car ils repr\u00e9sentent le meilleur de ce riche terroir. Leurs notes de fruits \u00e0 chair blanche et de fleurs telles que le ch\u00e8vrefeuille leur donnent une grande persistance aromatique et seront parfaites pour accompagner vos soir\u00e9es d\u2019\u00e9t\u00e9.<\/p>\t\t\t\t\t\t\t\t<\/div>\n\t\t\t\t<\/div>\n\t\t\t\t<div class=\"elementor-element elementor-element-65b4915 elementor-widget elementor-widget-heading\" data-id=\"65b4915\" data-element_type=\"widget\" data-widget_type=\"heading.default\">\n\t\t\t\t<div class=\"elementor-widget-container\">\n\t\t\t\t\t<h2 class=\"elementor-heading-title elementor-size-default\">AOP C\u00f4teaux Varois en Provence<\/h2>\t\t\t\t<\/div>\n\t\t\t\t<\/div>\n\t\t\t\t<div class=\"elementor-element elementor-element-c32a830 elementor-widget elementor-widget-text-editor\" data-id=\"c32a830\" data-element_type=\"widget\" data-widget_type=\"text-editor.default\">\n\t\t\t\t<div class=\"elementor-widget-container\">\n\t\t\t\t\t\t\t\t\t<p>Plus r\u00e9duite g\u00e9ographiquement, l&rsquo;appellation Coteaux Varois en Provence produit \u00e9galement d&rsquo;excellents vins ros\u00e9s. Les vins de cette appellation sont un peu plus cors\u00e9s que ceux de l&rsquo;appellation C\u00f4tes de Provence, avec des ar\u00f4mes de fruits rouges. Notre cuv\u00e9e Roches de Fontrouvi\u00e8re et ses ar\u00f4mes de fruits rouges, et notamment de framboise, est tout ce que l\u2019on attend d\u2019un ros\u00e9 d\u2019\u00e9t\u00e9 \u00e0 savourer \u00e0 l\u2019ap\u00e9ritif en fin de journ\u00e9e.<\/p>\t\t\t\t\t\t\t\t<\/div>\n\t\t\t\t<\/div>\n\t\t\t\t<div class=\"elementor-element elementor-element-9b3423b elementor-widget elementor-widget-heading\" data-id=\"9b3423b\" data-element_type=\"widget\" data-widget_type=\"heading.default\">\n\t\t\t\t<div class=\"elementor-widget-container\">\n\t\t\t\t\t<h2 class=\"elementor-heading-title elementor-size-default\">AOP Bandol<\/h2>\t\t\t\t<\/div>\n\t\t\t\t<\/div>\n\t\t\t\t<div class=\"elementor-element elementor-element-32fcfdc elementor-widget elementor-widget-text-editor\" data-id=\"32fcfdc\" data-element_type=\"widget\" data-widget_type=\"text-editor.default\">\n\t\t\t\t<div class=\"elementor-widget-container\">\n\t\t\t\t\t\t\t\t\t<p>Enfin, vous ne pouvez pas passer \u00e0 c\u00f4t\u00e9 de l&rsquo;appellation Bandol qui est connue pour produire des vins ros\u00e9s plus intenses, avec des notes de fruits rouges et des tanins plus pr\u00e9sents. Ces vins sont produits \u00e0 partir du c\u00e9page Mourv\u00e8dre et sont donc plus cors\u00e9s que les autres vins ros\u00e9s de la r\u00e9gion. Notre gamme <a href=\"https:\/\/ravoire.fr\/Boutique\/autres-cuvees-de-provence\/51-103-autres-cuvees-de-provence-terrasses-de-fontanieu-aop-bandol.html#\/26-quantite-a_l_unite\"><b>Terrasses de Fontanieu<\/b><\/a> produit un ros\u00e9 typique de la r\u00e9gion avec une bouche ample toute en harmonie et en rondeur. Vous ne pouvez pas passer \u00e0 c\u00f4t\u00e9 !\u00a0<\/p>\t\t\t\t\t\t\t\t<\/div>\n\t\t\t\t<\/div>\n\t\t\t\t\t<\/div>\n\t\t<\/div>\n\t\t\t\t\t<\/div>\n\t\t<\/section>\n\t\t\t\t<section class=\"elementor-section elementor-top-section elementor-element elementor-element-2f9c48d elementor-section-boxed elementor-section-height-default elementor-section-height-default qodef-elementor-content-no\" data-id=\"2f9c48d\" data-element_type=\"section\">\n\t\t\t\t\t\t<div class=\"elementor-container elementor-column-gap-default\">\n\t\t\t\t\t<div class=\"elementor-column elementor-col-100 elementor-top-column elementor-element elementor-element-c403433\" data-id=\"c403433\" data-element_type=\"column\">\n\t\t\t<div class=\"elementor-widget-wrap elementor-element-populated\">\n\t\t\t\t\t\t<div class=\"elementor-element elementor-element-e32a65a elementor-widget-divider--view-line elementor-widget elementor-widget-divider\" data-id=\"e32a65a\" data-element_type=\"widget\" data-widget_type=\"divider.default\">\n\t\t\t\t<div class=\"elementor-widget-container\">\n\t\t\t\t\t\t\t<div class=\"elementor-divider\">\n\t\t\t<span class=\"elementor-divider-separator\">\n\t\t\t\t\t\t<\/span>\n\t\t<\/div>\n\t\t\t\t\t\t<\/div>\n\t\t\t\t<\/div>\n\t\t\t\t\t<\/div>\n\t\t<\/div>\n\t\t\t\t\t<\/div>\n\t\t<\/section>\n\t\t\t\t<section class=\"elementor-section elementor-top-section elementor-element elementor-element-e83cb3b elementor-section-boxed elementor-section-height-default elementor-section-height-default qodef-elementor-content-no\" data-id=\"e83cb3b\" data-element_type=\"section\">\n\t\t\t\t\t\t<div class=\"elementor-container elementor-column-gap-default\">\n\t\t\t\t\t<div class=\"elementor-column elementor-col-100 elementor-top-column elementor-element elementor-element-85f21b7\" data-id=\"85f21b7\" data-element_type=\"column\">\n\t\t\t<div class=\"elementor-widget-wrap elementor-element-populated\">\n\t\t\t\t\t\t<div class=\"elementor-element elementor-element-e2c204c elementor-widget elementor-widget-text-editor\" data-id=\"e2c204c\" data-element_type=\"widget\" data-widget_type=\"text-editor.default\">\n\t\t\t\t<div class=\"elementor-widget-container\">\n\t\t\t\t\t\t\t\t\t<p>L&rsquo;abus d&rsquo;alcool est dangereux pour la sant\u00e9, \u00e0 consommer avec mod\u00e9ration.\u00a0<\/p>\t\t\t\t\t\t\t\t<\/div>\n\t\t\t\t<\/div>\n\t\t\t\t\t<\/div>\n\t\t<\/div>\n\t\t\t\t\t<\/div>\n\t\t<\/section>\n\t\t\t\t<\/div>\n\t\t","protected":false},"excerpt":{"rendered":"<p>Chers lecteurs amateurs de vins et de plaisirs estivaux, l&rsquo;\u00e9t\u00e9 est l\u00e0 pour r\u00e9veiller nos sens et \u00e9veiller nos papilles ! Alors quels vins seront parfaits pour accompagner vos repas et soir\u00e9es d&rsquo;\u00e9t\u00e9. S&rsquo;il est un tr\u00e9sor gustatif que l&rsquo;on associe naturellement \u00e0 cette saison ensoleill\u00e9e, c&rsquo;est bien le vin de Provence, et plus pr\u00e9cis\u00e9ment\u00a0le [&hellip;]<\/p>\n","protected":false},"author":5,"featured_media":8704,"comment_status":"closed","ping_status":"closed","sticky":false,"template":"","format":"standard","meta":{"_vp_format_video_url":"","_vp_image_focal_point":[],"footnotes":""},"categories":[2],"tags":[213,82,46],"class_list":["post-8305","post","type-post","status-publish","format-standard","has-post-thumbnail","hentry","category-blog","tag-article","tag-provence","tag-rose"],"_links":{"self":[{"href":"https:\/\/ravoire.fr\/blog\/wp-json\/wp\/v2\/posts\/8305","targetHints":{"allow":["GET"]}}],"collection":[{"href":"https:\/\/ravoire.fr\/blog\/wp-json\/wp\/v2\/posts"}],"about":[{"href":"https:\/\/ravoire.fr\/blog\/wp-json\/wp\/v2\/types\/post"}],"author":[{"embeddable":true,"href":"https:\/\/ravoire.fr\/blog\/wp-json\/wp\/v2\/users\/5"}],"replies":[{"embeddable":true,"href":"https:\/\/ravoire.fr\/blog\/wp-json\/wp\/v2\/comments?post=8305"}],"version-history":[{"count":21,"href":"https:\/\/ravoire.fr\/blog\/wp-json\/wp\/v2\/posts\/8305\/revisions"}],"predecessor-version":[{"id":8740,"href":"https:\/\/ravoire.fr\/blog\/wp-json\/wp\/v2\/posts\/8305\/revisions\/8740"}],"wp:featuredmedia":[{"embeddable":true,"href":"https:\/\/ravoire.fr\/blog\/wp-json\/wp\/v2\/media\/8704"}],"wp:attachment":[{"href":"https:\/\/ravoire.fr\/blog\/wp-json\/wp\/v2\/media?parent=8305"}],"wp:term":[{"taxonomy":"category","embeddable":true,"href":"https:\/\/ravoire.fr\/blog\/wp-json\/wp\/v2\/categories?post=8305"},{"taxonomy":"post_tag","embeddable":true,"href":"https:\/\/ravoire.fr\/blog\/wp-json\/wp\/v2\/tags?post=8305"}],"curies":[{"name":"wp","href":"https:\/\/api.w.org\/{rel}","templated":true}]}}