{"id":7987,"date":"2022-12-23T11:00:00","date_gmt":"2022-12-23T10:00:00","guid":{"rendered":"https:\/\/ravoire.fr\/blog\/?p=7987"},"modified":"2022-12-23T11:41:56","modified_gmt":"2022-12-23T10:41:56","slug":"quels-vins-associer-avec-le-chocolat","status":"publish","type":"post","link":"https:\/\/ravoire.fr\/blog\/quels-vins-associer-avec-le-chocolat\/","title":{"rendered":"Quels vins associer avec le chocolat ?"},"content":{"rendered":"\t\t<div data-elementor-type=\"wp-post\" data-elementor-id=\"7987\" class=\"elementor elementor-7987\">\n\t\t\t\t\t\t<section class=\"elementor-section elementor-top-section elementor-element elementor-element-910e879 elementor-section-boxed elementor-section-height-default elementor-section-height-default qodef-elementor-content-no\" data-id=\"910e879\" data-element_type=\"section\">\n\t\t\t\t\t\t<div class=\"elementor-container elementor-column-gap-default\">\n\t\t\t\t\t<div class=\"elementor-column elementor-col-100 elementor-top-column elementor-element elementor-element-8075f6f\" data-id=\"8075f6f\" data-element_type=\"column\">\n\t\t\t<div class=\"elementor-widget-wrap elementor-element-populated\">\n\t\t\t\t\t\t\t<\/div>\n\t\t<\/div>\n\t\t\t\t\t<\/div>\n\t\t<\/section>\n\t\t\t\t<section class=\"elementor-section elementor-top-section elementor-element elementor-element-29de8b5 elementor-section-boxed elementor-section-height-default elementor-section-height-default qodef-elementor-content-no\" data-id=\"29de8b5\" data-element_type=\"section\">\n\t\t\t\t\t\t<div class=\"elementor-container elementor-column-gap-default\">\n\t\t\t\t\t<div class=\"elementor-column elementor-col-100 elementor-top-column elementor-element elementor-element-7c4e9ed\" data-id=\"7c4e9ed\" data-element_type=\"column\">\n\t\t\t<div class=\"elementor-widget-wrap elementor-element-populated\">\n\t\t\t\t\t\t<div class=\"elementor-element elementor-element-d3458e7 elementor-widget elementor-widget-text-editor\" data-id=\"d3458e7\" data-element_type=\"widget\" data-widget_type=\"text-editor.default\">\n\t\t\t\t<div class=\"elementor-widget-container\">\n\t\t\t\t\t\t\t\t\t<p>\u00c0 J-1 de No\u00ebl, nous ne pouvons vous laisser sans vous parler de l\u2019accord vin et chocolat ! Parce qu\u2019il aura une place privil\u00e9gi\u00e9e sur vos tables au moment du dessert, voici quelques conseils pour l\u2019accorder au mieux.<\/p>\t\t\t\t\t\t\t\t<\/div>\n\t\t\t\t<\/div>\n\t\t\t\t<div class=\"elementor-element elementor-element-c3108b6 elementor-widget elementor-widget-heading\" data-id=\"c3108b6\" data-element_type=\"widget\" data-widget_type=\"heading.default\">\n\t\t\t\t<div class=\"elementor-widget-container\">\n\t\t\t\t\t<h2 class=\"elementor-heading-title elementor-size-xl\">Attention aux accords avec les vins doux !<\/h2>\t\t\t\t<\/div>\n\t\t\t\t<\/div>\n\t\t\t\t\t<\/div>\n\t\t<\/div>\n\t\t\t\t\t<\/div>\n\t\t<\/section>\n\t\t\t\t<section class=\"elementor-section elementor-top-section elementor-element elementor-element-c465849 elementor-section-boxed elementor-section-height-default elementor-section-height-default qodef-elementor-content-no\" data-id=\"c465849\" data-element_type=\"section\">\n\t\t\t\t\t\t<div class=\"elementor-container elementor-column-gap-default\">\n\t\t\t\t\t<div class=\"elementor-column elementor-col-100 elementor-top-column elementor-element elementor-element-3a53552\" data-id=\"3a53552\" data-element_type=\"column\">\n\t\t\t<div class=\"elementor-widget-wrap elementor-element-populated\">\n\t\t\t\t\t\t<div class=\"elementor-element elementor-element-bc17d1c elementor-widget elementor-widget-text-editor\" data-id=\"bc17d1c\" data-element_type=\"widget\" data-widget_type=\"text-editor.default\">\n\t\t\t\t<div class=\"elementor-widget-container\">\n\t\t\t\t\t\t\t\t\t<p>L\u2019accord qui nous vient tout de suite \u00e0 l\u2019esprit lorsque l\u2019on parle de desserts chocolat\u00e9s est le vin doux. Naturellement doux, moelleux ou liquoreux, les vins sucr\u00e9s se marient \u00e0 merveille avec le chocolat. Toutefois, nous vous conseillons d\u2019\u00e9viter ceux-ci avec un chocolat au lait ou chocolat blanc, chocolats bien plus sucr\u00e9s que le chocolat noir, dont l\u2019association avec le vin doux concentrerait trop de sucre en bouche. Un <a href=\"https:\/\/ravoire.fr\/Boutique\/content\/24-blancs\"><b>vin blanc<\/b><\/a> vif et sec se mariera bien mieux.\u00a0<\/p>\t\t\t\t\t\t\t\t<\/div>\n\t\t\t\t<\/div>\n\t\t\t\t<div class=\"elementor-element elementor-element-da9eb41 elementor-widget elementor-widget-heading\" data-id=\"da9eb41\" data-element_type=\"widget\" data-widget_type=\"heading.default\">\n\t\t\t\t<div class=\"elementor-widget-container\">\n\t\t\t\t\t<h2 class=\"elementor-heading-title elementor-size-xl\">Vin rouge et chocolat ? <\/h2>\t\t\t\t<\/div>\n\t\t\t\t<\/div>\n\t\t\t\t<div class=\"elementor-element elementor-element-0bb82c8 elementor-widget elementor-widget-text-editor\" data-id=\"0bb82c8\" data-element_type=\"widget\" data-widget_type=\"text-editor.default\">\n\t\t\t\t<div class=\"elementor-widget-container\">\n\t\t\t\t\t\t\t\t\t<p>Sachez qu\u2019il existe des alliances plus originales pour sublimer le chocolat que vous n\u2019\u00eates pas pr\u00e8s d\u2019oublier. Notamment avec votre chocolat noir\u00a0!<\/p><p>Noir, au lait ou blanc, le chocolat ne contient pas la m\u00eame quantit\u00e9 de cacao. Les pourcentages de cacao les plus \u00e9lev\u00e9s sont pr\u00e9sents dans le chocolat noir.\u00a0\u00a0<\/p><p>Saviez-vous que des tanins \u00e9taient aussi pr\u00e9sents dans le cacao\u00a0? Et oui, comme dans le vin.\u00a0<\/p><p>Ils apportent de la puissance au chocolat. Plus un chocolat contient du cacao, plus il sera riche en tanins. \u00a0Vous pouvez donc parfaitement marier un vin rouge <a href=\"https:\/\/ravoire.fr\/Boutique\/content\/28-nos-vins-de-la-vallee-du-rhone\"><b>de la Vall\u00e9e du Rh\u00f4ne<\/b><\/a> comme un <a href=\"https:\/\/ravoire.fr\/Boutique\/gamme-maison-ravoire\/36-73-gamme-maison-ravoire-maison-ravoire-aop-chateauneuf-du-pape.html#\/26-quantite-a_l_unite\"><b>Ch\u00e2teauneuf-du-Pape<\/b><\/a> par exemple dont les tanins pourront r\u00e9pondre \u00e0 la puissance du cacao et soulignerons le go\u00fbt d\u2019un fondant au chocolat noir ou d\u2019une ganache.<\/p>\t\t\t\t\t\t\t\t<\/div>\n\t\t\t\t<\/div>\n\t\t\t\t<div class=\"elementor-element elementor-element-efb2fa2 elementor-widget elementor-widget-image\" data-id=\"efb2fa2\" data-element_type=\"widget\" data-widget_type=\"image.default\">\n\t\t\t\t<div class=\"elementor-widget-container\">\n\t\t\t\t\t\t\t\t\t\t\t\t\t\t\t\t<a href=\"https:\/\/ravoire.fr\/Boutique\/gamme-maison-ravoire\/36-73-gamme-maison-ravoire-maison-ravoire-aop-chateauneuf-du-pape.html#\/26-quantite-a_l_unite\">\n\t\t\t\t\t\t\t<img fetchpriority=\"high\" decoding=\"async\" width=\"700\" height=\"751\" src=\"https:\/\/ravoire.fr\/blog\/wp-content\/uploads\/2022\/12\/Maison-Ravoire-Chateauneuf-du-Pape-Rouge-sans-millesime_1.jpg\" class=\"attachment-large size-large wp-image-7990\" alt=\"\" srcset=\"https:\/\/ravoire.fr\/blog\/wp-content\/uploads\/2022\/12\/Maison-Ravoire-Chateauneuf-du-Pape-Rouge-sans-millesime_1.jpg 700w, https:\/\/ravoire.fr\/blog\/wp-content\/uploads\/2022\/12\/Maison-Ravoire-Chateauneuf-du-Pape-Rouge-sans-millesime_1-280x300.jpg 280w, https:\/\/ravoire.fr\/blog\/wp-content\/uploads\/2022\/12\/Maison-Ravoire-Chateauneuf-du-Pape-Rouge-sans-millesime_1-500x536.jpg 500w, https:\/\/ravoire.fr\/blog\/wp-content\/uploads\/2022\/12\/Maison-Ravoire-Chateauneuf-du-Pape-Rouge-sans-millesime_1-600x644.jpg 600w\" sizes=\"(max-width: 700px) 100vw, 700px\" \/>\t\t\t\t\t\t\t\t<\/a>\n\t\t\t\t\t\t\t\t\t\t\t\t\t\t\t<\/div>\n\t\t\t\t<\/div>\n\t\t\t\t<div class=\"elementor-element elementor-element-39c85af elementor-widget elementor-widget-text-editor\" data-id=\"39c85af\" data-element_type=\"widget\" data-widget_type=\"text-editor.default\">\n\t\t\t\t<div class=\"elementor-widget-container\">\n\t\t\t\t\t\t\t\t\t<p>N&rsquo;h\u00e9sitez pas \u00e0 nous transmettre vos suggestions d\u2019accords, nous serions ravis d\u2019avoir votre avis\u00a0!<\/p><p>Nous vous souhaitons de tr\u00e8s belles f\u00eates de fin d\u2019ann\u00e9e, et de vous r\u00e9galer\u00a0!<\/p>\t\t\t\t\t\t\t\t<\/div>\n\t\t\t\t<\/div>\n\t\t\t\t\t<\/div>\n\t\t<\/div>\n\t\t\t\t\t<\/div>\n\t\t<\/section>\n\t\t\t\t<section class=\"elementor-section elementor-top-section elementor-element elementor-element-681868d elementor-section-boxed elementor-section-height-default elementor-section-height-default qodef-elementor-content-no\" data-id=\"681868d\" data-element_type=\"section\">\n\t\t\t\t\t\t<div class=\"elementor-container elementor-column-gap-default\">\n\t\t\t\t\t<div class=\"elementor-column elementor-col-100 elementor-top-column elementor-element elementor-element-a9be1e3\" data-id=\"a9be1e3\" data-element_type=\"column\">\n\t\t\t<div class=\"elementor-widget-wrap elementor-element-populated\">\n\t\t\t\t\t\t<div class=\"elementor-element elementor-element-85fd6c6 elementor-widget-divider--view-line elementor-widget elementor-widget-divider\" data-id=\"85fd6c6\" data-element_type=\"widget\" data-widget_type=\"divider.default\">\n\t\t\t\t<div class=\"elementor-widget-container\">\n\t\t\t\t\t\t\t<div class=\"elementor-divider\">\n\t\t\t<span class=\"elementor-divider-separator\">\n\t\t\t\t\t\t<\/span>\n\t\t<\/div>\n\t\t\t\t\t\t<\/div>\n\t\t\t\t<\/div>\n\t\t\t\t<div class=\"elementor-element elementor-element-915a418 elementor-widget elementor-widget-text-editor\" data-id=\"915a418\" data-element_type=\"widget\" data-widget_type=\"text-editor.default\">\n\t\t\t\t<div class=\"elementor-widget-container\">\n\t\t\t\t\t\t\t\t\t<p>L&rsquo;abus d&rsquo;alcool est dangereux pour la sant\u00e9, \u00e0 consommer avec mod\u00e9ration.\u00a0<\/p>\t\t\t\t\t\t\t\t<\/div>\n\t\t\t\t<\/div>\n\t\t\t\t\t<\/div>\n\t\t<\/div>\n\t\t\t\t\t<\/div>\n\t\t<\/section>\n\t\t\t\t<\/div>\n\t\t","protected":false},"excerpt":{"rendered":"<p>\u00c0 J-1 de No\u00ebl, nous ne pouvons vous laisser sans vous parler de l\u2019accord vin et chocolat ! Parce qu\u2019il aura une place privil\u00e9gi\u00e9e sur vos tables au moment du dessert, voici quelques conseils pour l\u2019accorder au mieux. Attention aux accords avec les vins doux ! L\u2019accord qui nous vient tout de suite \u00e0 l\u2019esprit [&hellip;]<\/p>\n","protected":false},"author":6,"featured_media":7988,"comment_status":"closed","ping_status":"closed","sticky":false,"template":"","format":"standard","meta":{"_vp_format_video_url":"","_vp_image_focal_point":[],"footnotes":""},"categories":[264,2],"tags":[207,15,14,28,16,11],"class_list":["post-7987","post","type-post","status-publish","format-standard","has-post-thumbnail","hentry","category-accords-mets-vins","category-blog","tag-accords-mets-vins-2","tag-famille-ravoire","tag-maison-ravoire","tag-oenologie","tag-vallee-du-rhone","tag-vin"],"_links":{"self":[{"href":"https:\/\/ravoire.fr\/blog\/wp-json\/wp\/v2\/posts\/7987","targetHints":{"allow":["GET"]}}],"collection":[{"href":"https:\/\/ravoire.fr\/blog\/wp-json\/wp\/v2\/posts"}],"about":[{"href":"https:\/\/ravoire.fr\/blog\/wp-json\/wp\/v2\/types\/post"}],"author":[{"embeddable":true,"href":"https:\/\/ravoire.fr\/blog\/wp-json\/wp\/v2\/users\/6"}],"replies":[{"embeddable":true,"href":"https:\/\/ravoire.fr\/blog\/wp-json\/wp\/v2\/comments?post=7987"}],"version-history":[{"count":14,"href":"https:\/\/ravoire.fr\/blog\/wp-json\/wp\/v2\/posts\/7987\/revisions"}],"predecessor-version":[{"id":8003,"href":"https:\/\/ravoire.fr\/blog\/wp-json\/wp\/v2\/posts\/7987\/revisions\/8003"}],"wp:featuredmedia":[{"embeddable":true,"href":"https:\/\/ravoire.fr\/blog\/wp-json\/wp\/v2\/media\/7988"}],"wp:attachment":[{"href":"https:\/\/ravoire.fr\/blog\/wp-json\/wp\/v2\/media?parent=7987"}],"wp:term":[{"taxonomy":"category","embeddable":true,"href":"https:\/\/ravoire.fr\/blog\/wp-json\/wp\/v2\/categories?post=7987"},{"taxonomy":"post_tag","embeddable":true,"href":"https:\/\/ravoire.fr\/blog\/wp-json\/wp\/v2\/tags?post=7987"}],"curies":[{"name":"wp","href":"https:\/\/api.w.org\/{rel}","templated":true}]}}