{"id":6687,"date":"2022-07-20T10:37:07","date_gmt":"2022-07-20T08:37:07","guid":{"rendered":"https:\/\/ravoire.fr\/blog\/?p=6687"},"modified":"2022-08-23T15:07:18","modified_gmt":"2022-08-23T13:07:18","slug":"le-melon-la-star-estivale-de-nos-assiettes","status":"publish","type":"post","link":"https:\/\/ravoire.fr\/blog\/le-melon-la-star-estivale-de-nos-assiettes\/","title":{"rendered":"Le melon, la star estivale de nos assiettes !"},"content":{"rendered":"\t\t<div data-elementor-type=\"wp-post\" data-elementor-id=\"6687\" class=\"elementor elementor-6687\">\n\t\t\t\t\t\t<section class=\"elementor-section elementor-top-section elementor-element elementor-element-d28ea6d elementor-section-boxed elementor-section-height-default elementor-section-height-default qodef-elementor-content-no\" data-id=\"d28ea6d\" data-element_type=\"section\">\n\t\t\t\t\t\t<div class=\"elementor-container elementor-column-gap-default\">\n\t\t\t\t\t<div class=\"elementor-column elementor-col-100 elementor-top-column elementor-element elementor-element-b2a9e5c\" data-id=\"b2a9e5c\" data-element_type=\"column\">\n\t\t\t<div class=\"elementor-widget-wrap elementor-element-populated\">\n\t\t\t\t\t\t<div class=\"elementor-element elementor-element-a5168d8 elementor-widget elementor-widget-text-editor\" data-id=\"a5168d8\" data-element_type=\"widget\" data-widget_type=\"text-editor.default\">\n\t\t\t\t<div class=\"elementor-widget-container\">\n\t\t\t\t\t\t\t\t\t<p>\u00c0 l\u2019ap\u00e9ritif, en entr\u00e9e ou en dessert, le melon se d\u00e9guste \u00e0 tout moment de la journ\u00e9e. De juillet \u00e0 septembre il est pr\u00e9sent dans nos assiettes et nous ne nous en lassons pas !\u00a0<\/p><p>Rafraichissant, sucr\u00e9, plein de vitamines, il est aussi tr\u00e8s d\u00e9salt\u00e9rant. Cependant, faites attention ! Il est conseill\u00e9 de ne pas boire de l\u2019eau apr\u00e8s l\u2019avoir d\u00e9gust\u00e9. \u00c9trange n&rsquo;est-ce-pas ? Il est bien rare que l&rsquo;eau soit \u00e0 \u00e9viter pour le bien-\u00eatre de notre corps et pourtant, <span style=\"background-color: #ffffff;\">selon la\u00a0<\/span><a style=\"background-color: #ffffff;\" href=\"https:\/\/www.fondation-louisbonduelle.org\/legume\/melon\/#:~:text=Il%20est%20d'ailleurs%20recommand%C3%A9,pollens%20(rhume%20des%20foins).\">Fondation\u00a0<\/a><a href=\"https:\/\/www.fondation-louisbonduelle.org\/legume\/melon\/#:~:text=Il%20est%20d'ailleurs%20recommand%C3%A9,pollens%20(rhume%20des%20foins).\" target=\"_blank\" rel=\"noopener\">Louis\u00a0<\/a><a style=\"background-color: #ffffff;\" href=\"https:\/\/www.fondation-louisbonduelle.org\/legume\/melon\/#:~:text=Il%20est%20d'ailleurs%20recommand%C3%A9,pollens%20(rhume%20des%20foins).\">Bonduelle<\/a>, la combinaison en eau, fibres et potassium provoquerait une acc\u00e9l\u00e9ration du transit intestinal.\u00a0<\/p><p><strong>Du vin avec le melon ?\u00a0<\/strong><\/p><p>Et comment ! Vin blanc ou vin ros\u00e9, nous vous proposons 2 d\u00e9licieux accords mets-vins plein de fra\u00eecheur qui raviront vos papilles durant cette chaude p\u00e9riode estivale.<\/p><p>Il est important de s\u00e9lectionner un vin qui saura exister face aux ar\u00f4mes soutenues et caract\u00e9ristiques du melon. La bouche ample, tendre et pleine de notre <b><a href=\"https:\/\/ravoire.fr\/Boutique\/autres-vins-du-rhone\/98-151-autres-vins-du-rhone-maison-camille-blanc-luberon.html#\/26-quantite-a_l_unite\">AOP Luberon Blanc Maison Camille Blanc<\/a> <\/b>vous offrira une int\u00e9ressante persistante aromatique davantage sublim\u00e9e par l\u2019association avec le melon. Avec ses ar\u00f4mes de fleurs blanches et de fruits \u00e0 chair blanche, c&rsquo;est un \u00e9quilibre parfait !\u00a0<\/p><p>Vous pr\u00e9f\u00e9rez le ros\u00e9 ? Optez pour un vin frais et aromatique comme notre<a href=\"https:\/\/ravoire.fr\/Boutique\/autres-cuvees-de-provence\/53-107-autres-cuvees-de-provence-jas-des-vignes-igp-alpes-de-haute-provence.html#\/26-quantite-a_l_unite\"><b> Jas des Vignes \u2013 IGP Alpes de Haute Prov<\/b><\/a>ence. Choisissez de pr\u00e9parer la fameuse entr\u00e9e phare estivale melon et jambon cru, et vous ne serez pas d\u00e9\u00e7us. L&rsquo;association des 3 fera des merveilles !\u00a0<\/p><p>\u00a0<\/p><p>N&rsquo;h\u00e9sitez pas \u00e0 nous donner votre avis sur ces accords mets-vins.\u00a0<\/p>\t\t\t\t\t\t\t\t<\/div>\n\t\t\t\t<\/div>\n\t\t\t\t\t<\/div>\n\t\t<\/div>\n\t\t\t\t\t<\/div>\n\t\t<\/section>\n\t\t\t\t<section class=\"elementor-section elementor-top-section elementor-element elementor-element-a2defe7 elementor-section-boxed elementor-section-height-default elementor-section-height-default qodef-elementor-content-no\" data-id=\"a2defe7\" data-element_type=\"section\">\n\t\t\t\t\t\t<div class=\"elementor-container elementor-column-gap-default\">\n\t\t\t\t\t<div class=\"elementor-column elementor-col-100 elementor-top-column elementor-element elementor-element-832679a\" data-id=\"832679a\" data-element_type=\"column\">\n\t\t\t<div class=\"elementor-widget-wrap elementor-element-populated\">\n\t\t\t\t\t\t<div class=\"elementor-element elementor-element-4be470d elementor-widget elementor-widget-text-editor\" data-id=\"4be470d\" data-element_type=\"widget\" data-widget_type=\"text-editor.default\">\n\t\t\t\t<div class=\"elementor-widget-container\">\n\t\t\t\t\t\t\t\t\t<p>L&rsquo;abus d&rsquo;alcool est dangereux pour la sant\u00e9, \u00e0 consommer avec mod\u00e9ration.\u00a0<\/p>\t\t\t\t\t\t\t\t<\/div>\n\t\t\t\t<\/div>\n\t\t\t\t\t<\/div>\n\t\t<\/div>\n\t\t\t\t\t<\/div>\n\t\t<\/section>\n\t\t\t\t<\/div>\n\t\t","protected":false},"excerpt":{"rendered":"<p>\u00c0 l\u2019ap\u00e9ritif, en entr\u00e9e ou en dessert, le melon se d\u00e9guste \u00e0 tout moment de la journ\u00e9e. De juillet \u00e0 septembre il est pr\u00e9sent dans nos assiettes et nous ne nous en lassons pas !&nbsp; Rafraichissant, sucr\u00e9, plein de vitamines, il est aussi tr\u00e8s d\u00e9salt\u00e9rant. Cependant, faites attention ! Il est conseill\u00e9 de ne pas [&hellip;]<\/p>\n","protected":false},"author":6,"featured_media":6993,"comment_status":"closed","ping_status":"closed","sticky":false,"template":"","format":"standard","meta":{"_vp_format_video_url":"","_vp_image_focal_point":[],"footnotes":""},"categories":[264,2],"tags":[],"class_list":["post-6687","post","type-post","status-publish","format-standard","has-post-thumbnail","hentry","category-accords-mets-vins","category-blog"],"_links":{"self":[{"href":"https:\/\/ravoire.fr\/blog\/wp-json\/wp\/v2\/posts\/6687","targetHints":{"allow":["GET"]}}],"collection":[{"href":"https:\/\/ravoire.fr\/blog\/wp-json\/wp\/v2\/posts"}],"about":[{"href":"https:\/\/ravoire.fr\/blog\/wp-json\/wp\/v2\/types\/post"}],"author":[{"embeddable":true,"href":"https:\/\/ravoire.fr\/blog\/wp-json\/wp\/v2\/users\/6"}],"replies":[{"embeddable":true,"href":"https:\/\/ravoire.fr\/blog\/wp-json\/wp\/v2\/comments?post=6687"}],"version-history":[{"count":19,"href":"https:\/\/ravoire.fr\/blog\/wp-json\/wp\/v2\/posts\/6687\/revisions"}],"predecessor-version":[{"id":7033,"href":"https:\/\/ravoire.fr\/blog\/wp-json\/wp\/v2\/posts\/6687\/revisions\/7033"}],"wp:featuredmedia":[{"embeddable":true,"href":"https:\/\/ravoire.fr\/blog\/wp-json\/wp\/v2\/media\/6993"}],"wp:attachment":[{"href":"https:\/\/ravoire.fr\/blog\/wp-json\/wp\/v2\/media?parent=6687"}],"wp:term":[{"taxonomy":"category","embeddable":true,"href":"https:\/\/ravoire.fr\/blog\/wp-json\/wp\/v2\/categories?post=6687"},{"taxonomy":"post_tag","embeddable":true,"href":"https:\/\/ravoire.fr\/blog\/wp-json\/wp\/v2\/tags?post=6687"}],"curies":[{"name":"wp","href":"https:\/\/api.w.org\/{rel}","templated":true}]}}