{"id":65,"date":"2020-01-27T11:08:00","date_gmt":"2020-01-27T10:08:00","guid":{"rendered":"https:\/\/ravoire.fr\/blog\/?p=65"},"modified":"2022-10-06T17:11:14","modified_gmt":"2022-10-06T15:11:14","slug":"nouvel-habillage-manon-2019","status":"publish","type":"post","link":"https:\/\/ravoire.fr\/blog\/nouvel-habillage-manon-2019\/","title":{"rendered":"Nouvel habillage &#8211; Manon Ros\u00e9"},"content":{"rendered":"\t\t<div data-elementor-type=\"wp-post\" data-elementor-id=\"65\" class=\"elementor elementor-65\">\n\t\t\t\t\t\t<section class=\"elementor-section elementor-top-section elementor-element elementor-element-27b30756 elementor-section-boxed elementor-section-height-default elementor-section-height-default qodef-elementor-content-no\" data-id=\"27b30756\" data-element_type=\"section\">\n\t\t\t\t\t\t<div class=\"elementor-container elementor-column-gap-default\">\n\t\t\t\t\t<div class=\"elementor-column elementor-col-100 elementor-top-column elementor-element elementor-element-42fab49d\" data-id=\"42fab49d\" data-element_type=\"column\">\n\t\t\t<div class=\"elementor-widget-wrap elementor-element-populated\">\n\t\t\t\t\t\t<div class=\"elementor-element elementor-element-664d1fbf elementor-widget elementor-widget-text-editor\" data-id=\"664d1fbf\" data-element_type=\"widget\" data-widget_type=\"text-editor.default\">\n\t\t\t\t<div class=\"elementor-widget-container\">\n\t\t\t\t\t\t\t\t\t<p><\/p>\n<div class=\"wp-block-columns is-layout-flex wp-container-core-columns-is-layout-9d6595d7 wp-block-columns-is-layout-flex\">\n<div class=\"wp-block-column\">\n<div class=\"wp-block-image\">\n<figure class=\"aligncenter size-large\">Le march\u00e9 des C\u00f4tes de Provence \u00e9tant en constante \u00e9volution, il paraissait essentiel pour<\/figure>\n<\/div>\n<p>l\u2019entreprise familiale Ravoire Fils d\u2019inscrire <a href=\"https:\/\/ravoire.fr\/Boutique\/content\/14-l-univers-manon\"><b>la marque MANON<\/b><\/a> dans cette dynamique<br \/>Ainsi, son packaging a \u00e9t\u00e9 retravaill\u00e9 afin de le positionner de mani\u00e8re attractive et<br \/>innovante aux yeux des consommateurs MANON rev\u00eatira un nouvel habillage sur le<br \/>nouveau mill\u00e9sime 2019 avec changement des lignes de sa bouteille ainsi que le<br \/>graphisme de ses \u00e9tiquettes<\/p>\n<p><\/p>\n<p><\/p>\n<p><strong>Une bouteille modernis\u00e9e<br \/><\/strong>La <a href=\"https:\/\/ravoire.fr\/Boutique\/gamme-manon\/44-89-gamme-manon-manon-aop-cotes-de-provence.html#\/26-quantite-a_l_unite\"><b>bouteille iconique Manon<\/b><\/a>, initialement dessin\u00e9e en 1996 par un grand couturier du<br \/>verre italien, s\u2019exprimait au travers d\u2019une silhouette f\u00e9minine singuli\u00e8re et \u00e9lanc\u00e9e Ses<br \/>nouvelles lignes ont \u00e9t\u00e9 imagin\u00e9es dans la continuit\u00e9 de ses formes initiales Ceintur\u00e9e<br \/>sur le bas, \u00e9paules r\u00e9ajust\u00e9es, MANON se veut modernis\u00e9e avec un trac\u00e9 plus \u00e9pur\u00e9<br \/>Dans cette continuit\u00e9, sa piq\u00fbre a \u00e9t\u00e9 repens\u00e9e et accentu\u00e9e afin d\u2019apporter stature tout<br \/>en r\u00e9affirmant le positionnement de la marque<\/p>\n<p><\/p>\n<p><\/p>\n<p><strong>Une \u00e9tiquette frontale personnalis\u00e9e<\/strong><br \/>Afin d\u2019\u00e9pouser les nouvelles courbes de MANON, l\u2019\u00e9tiquette frontale a vu son format<br \/>\u00e9voluer En parall\u00e8le, sa teinte a \u00e9t\u00e9 ajust\u00e9e afin de mettre davantage en valeur la robe<br \/>rose p\u00e2le de ce C\u00f4tes de Provence L\u2019olivier, ainsi que le logo de la marque, restent quant<br \/>\u00e0 eux inchang\u00e9s Enfin, un micro foulage rappelant le feuillage de l\u2019arbre iconique vient<br \/>sublimer avec subtilit\u00e9 le rendu final de cette nouvelle \u00e9tiquette<\/p>\n<p><\/p>\n<p><\/p>\n<p><strong>Une contre \u00e9tiquette repens\u00e9e<\/strong><br \/>La contre \u00e9tiquette joue \u00e9galement son r\u00f4le dans l\u2019\u00e9volution de l\u2019habillage MANON<br \/>Restructur\u00e9e, elle vise \u00e0 favoriser les interactions avec les consommateurs en mettant<br \/>davantage en \u00e9vidence le site internet manon fr mais \u00e9galement le compte Instagram<br \/>manoncotesdeprovence<\/p>\n<p><\/p>\n<p><\/p>\n<p><strong>Un plan de communication digital initi\u00e9<\/strong><br \/>En 2019 un premier plan de communication digital autour de MANON a men\u00e9<br \/>l\u2019entreprise Ravoire Fils \u00e0 refondre le site manon fr mais \u00e9galement \u00e0 initier un travail sur<br \/>les r\u00e9seaux sociaux En 2020 de nouveaux projets verront le jour comme la possibilit\u00e9 de<br \/>lire l\u2019\u00e9tiquette en r\u00e9alit\u00e9 augment\u00e9e via SnapPress permettant ainsi aux consommateurs<br \/>d\u2019obtenir facilement du contenu sur le vin (disponibilit\u00e9 f\u00e9vrier 2020 Par ailleurs, des<br \/>\u00e9v\u00e9nements et des collaborations avec des influenceurs viendront soutenir la pr\u00e9sence<br \/>web du ros\u00e9 (d\u2019avril \u00e0 ao\u00fbt 2020 L\u2019ensemble de ces actions visent \u00e0 soutenir le nouveau<br \/>positionnement de MANON, alliant modernit\u00e9 et \u00e9l\u00e9gance<\/p>\n<p><\/p>\n<\/div>\n<p><!-- \/wp:column --><\/p>\n<\/div>\n<p><!-- \/wp:columns --><\/p>\n<p><!-- wp:paragraph --><\/p>\n<p><!-- \/wp:paragraph --><\/p>\t\t\t\t\t\t\t\t<\/div>\n\t\t\t\t<\/div>\n\t\t\t\t\t<\/div>\n\t\t<\/div>\n\t\t\t\t\t<\/div>\n\t\t<\/section>\n\t\t\t\t<\/div>\n\t\t","protected":false},"excerpt":{"rendered":"<p>Le march\u00e9 des C\u00f4tes de Provence \u00e9tant en constante \u00e9volution, il paraissait essentiel pour l\u2019entreprise familiale Ravoire Fils d\u2019inscrire la marque MANON dans cette dynamiqueAinsi, son packaging a \u00e9t\u00e9 retravaill\u00e9 afin de le positionner de mani\u00e8re attractive etinnovante aux yeux des consommateurs MANON rev\u00eatira un nouvel habillage sur lenouveau mill\u00e9sime 2019 avec changement des lignes [&hellip;]<\/p>\n","protected":false},"author":2,"featured_media":7372,"comment_status":"open","ping_status":"closed","sticky":false,"template":"","format":"standard","meta":{"_vp_format_video_url":"","_vp_image_focal_point":[],"footnotes":""},"categories":[3],"tags":[],"class_list":["post-65","post","type-post","status-publish","format-standard","has-post-thumbnail","hentry","category-revues-de-presse"],"_links":{"self":[{"href":"https:\/\/ravoire.fr\/blog\/wp-json\/wp\/v2\/posts\/65","targetHints":{"allow":["GET"]}}],"collection":[{"href":"https:\/\/ravoire.fr\/blog\/wp-json\/wp\/v2\/posts"}],"about":[{"href":"https:\/\/ravoire.fr\/blog\/wp-json\/wp\/v2\/types\/post"}],"author":[{"embeddable":true,"href":"https:\/\/ravoire.fr\/blog\/wp-json\/wp\/v2\/users\/2"}],"replies":[{"embeddable":true,"href":"https:\/\/ravoire.fr\/blog\/wp-json\/wp\/v2\/comments?post=65"}],"version-history":[{"count":15,"href":"https:\/\/ravoire.fr\/blog\/wp-json\/wp\/v2\/posts\/65\/revisions"}],"predecessor-version":[{"id":7388,"href":"https:\/\/ravoire.fr\/blog\/wp-json\/wp\/v2\/posts\/65\/revisions\/7388"}],"wp:featuredmedia":[{"embeddable":true,"href":"https:\/\/ravoire.fr\/blog\/wp-json\/wp\/v2\/media\/7372"}],"wp:attachment":[{"href":"https:\/\/ravoire.fr\/blog\/wp-json\/wp\/v2\/media?parent=65"}],"wp:term":[{"taxonomy":"category","embeddable":true,"href":"https:\/\/ravoire.fr\/blog\/wp-json\/wp\/v2\/categories?post=65"},{"taxonomy":"post_tag","embeddable":true,"href":"https:\/\/ravoire.fr\/blog\/wp-json\/wp\/v2\/tags?post=65"}],"curies":[{"name":"wp","href":"https:\/\/api.w.org\/{rel}","templated":true}]}}