{"id":6042,"date":"2022-04-08T11:44:45","date_gmt":"2022-04-08T09:44:45","guid":{"rendered":"https:\/\/ravoire.fr\/blog\/?p=6042"},"modified":"2022-10-12T11:25:21","modified_gmt":"2022-10-12T09:25:21","slug":"tout-savoir-sur-la-viticulture-a-lannonce-du-printemps","status":"publish","type":"post","link":"https:\/\/ravoire.fr\/blog\/tout-savoir-sur-la-viticulture-a-lannonce-du-printemps\/","title":{"rendered":"Tout savoir sur la viticulture \u00e0 l\u2019annonce du printemps"},"content":{"rendered":"\t\t<div data-elementor-type=\"wp-post\" data-elementor-id=\"6042\" class=\"elementor elementor-6042\">\n\t\t\t\t\t\t<section class=\"elementor-section elementor-top-section elementor-element elementor-element-5925a1c1 elementor-section-boxed elementor-section-height-default elementor-section-height-default qodef-elementor-content-no\" data-id=\"5925a1c1\" data-element_type=\"section\">\n\t\t\t\t\t\t<div class=\"elementor-container elementor-column-gap-default\">\n\t\t\t\t\t<div class=\"elementor-column elementor-col-100 elementor-top-column elementor-element elementor-element-3d7e6b7\" data-id=\"3d7e6b7\" data-element_type=\"column\">\n\t\t\t<div class=\"elementor-widget-wrap elementor-element-populated\">\n\t\t\t\t\t\t<div class=\"elementor-element elementor-element-78a4050f elementor-widget elementor-widget-text-editor\" data-id=\"78a4050f\" data-element_type=\"widget\" data-widget_type=\"text-editor.default\">\n\t\t\t\t<div class=\"elementor-widget-container\">\n\t\t\t\t\t\t\t\t\t<p><\/p>\n<p>\u00c0 l\u2019approche des beaux jours, la vigne se r\u00e9veille doucement de son long sommeil hivernal. Le viticulteur qui n\u2019a pas ch\u00f4m\u00e9 pendant les mois d\u2019hiver l\u2019accueille au saut du lit pour lancer le nouveau cycle v\u00e9g\u00e9tatif.\u00a0<\/p>\n<p>Au programme : labours au mois de mars et palissage au mois d\u2019avril.<br \/><br \/><\/p>\n<p><\/p>\t\t\t\t\t\t\t\t<\/div>\n\t\t\t\t<\/div>\n\t\t\t\t<div class=\"elementor-element elementor-element-569a150 elementor-widget elementor-widget-heading\" data-id=\"569a150\" data-element_type=\"widget\" data-widget_type=\"heading.default\">\n\t\t\t\t<div class=\"elementor-widget-container\">\n\t\t\t\t\t<h2 class=\"elementor-heading-title elementor-size-default\">Les labours<\/h2>\t\t\t\t<\/div>\n\t\t\t\t<\/div>\n\t\t\t\t<div class=\"elementor-element elementor-element-ae51fb5 elementor-widget elementor-widget-text-editor\" data-id=\"ae51fb5\" data-element_type=\"widget\" data-widget_type=\"text-editor.default\">\n\t\t\t\t<div class=\"elementor-widget-container\">\n\t\t\t\t\t\t\t\t\t<p><span style=\"background-color: #ffffff;\">Les labours ont lieu au mois de mars, juste avant le r\u00e9veil de la vigne. Ce sont les toutes derni\u00e8res tailles avant le d\u00e9but du cycle v\u00e9g\u00e9tatif. Il s\u2019agit donc de ramener la terre vers le milieu de l\u2019all\u00e9e de vigne, ce que le vocabulaire de la viticulture appelle \u00ab d\u00e9chausser les ceps \u00bb. Ensuite, il faut \u00ab d\u00e9cavaillonner \u00bb, c\u2019est-\u00e0-dire tirer la terre autour des pieds vers le milieu de l\u2019all\u00e9e. Cette \u00e9tape de la culture de la vigne peut se faire tant\u00f4t \u00e0 l\u2019aide d\u2019un cheval, tant\u00f4t avec un tracteur. La premi\u00e8re option permettra un plus grand respect des sols tandis que la seconde offrira le luxe de l\u2019efficacit\u00e9.<\/span><\/p>\t\t\t\t\t\t\t\t<\/div>\n\t\t\t\t<\/div>\n\t\t\t\t<div class=\"elementor-element elementor-element-6c4027d elementor-widget elementor-widget-heading\" data-id=\"6c4027d\" data-element_type=\"widget\" data-widget_type=\"heading.default\">\n\t\t\t\t<div class=\"elementor-widget-container\">\n\t\t\t\t\t<h2 class=\"elementor-heading-title elementor-size-default\">Le palissage<\/h2>\t\t\t\t<\/div>\n\t\t\t\t<\/div>\n\t\t\t\t<div class=\"elementor-element elementor-element-d39e08e elementor-widget elementor-widget-text-editor\" data-id=\"d39e08e\" data-element_type=\"widget\" data-widget_type=\"text-editor.default\">\n\t\t\t\t<div class=\"elementor-widget-container\">\n\t\t\t\t\t\t\t\t\t<p><span style=\"background-color: #ffffff;\">Au mois d\u2019avril, c\u2019est l\u2019heure du palissage de la vigne. \u00c0 l\u2019issue de la veille hivernale, les sarments de la vigne sont mous et doivent \u00eatre soutenus afin qu\u2019ils puissent grandir et donner des raisins. On les attache donc \u00e0 des rang\u00e9es de fils de fers qui les maintiennent. Le palissage permet donc de relever la vigne qui va pouvoir \u00e9voluer en hauteur. Les sarments et les ceps seront donc plus a\u00e9r\u00e9s.<\/span><\/p>\n<p><span style=\"background-color: #ffffff;\">\u00a0<\/span><\/p>\n<p>\u00a0<\/p>\n<p>Et pour tout savoir sur notre savoir-faire : connaissance des terroirs, vinification, \u00e9levage, &#8230;\u00a0<\/p>\n<p>Rendez-vous sur notre site internet juste ici :\u00a0<a href=\"https:\/\/ravoire.fr\/savoir-faire.php\"><strong>https:\/\/ravoire.fr\/savoir-faire.php<\/strong><\/a><\/p>\n<p>Si vous souhaitez d\u00e9couvrir nos cuv\u00e9es, rendez-vous sur notre boutique en ligne :\u00a0<b>https:\/\/ravoire.fr\/Boutique\/<\/b><\/p>\n<p>\u00a0<\/p>\n<p>\u00a0<\/p>\t\t\t\t\t\t\t\t<\/div>\n\t\t\t\t<\/div>\n\t\t\t\t\t<\/div>\n\t\t<\/div>\n\t\t\t\t\t<\/div>\n\t\t<\/section>\n\t\t\t\t<section class=\"elementor-section elementor-top-section elementor-element elementor-element-ded61ef elementor-section-boxed elementor-section-height-default elementor-section-height-default qodef-elementor-content-no\" data-id=\"ded61ef\" data-element_type=\"section\">\n\t\t\t\t\t\t<div class=\"elementor-container elementor-column-gap-default\">\n\t\t\t\t\t<div class=\"elementor-column elementor-col-100 elementor-top-column elementor-element elementor-element-fedeb2f\" data-id=\"fedeb2f\" data-element_type=\"column\">\n\t\t\t<div class=\"elementor-widget-wrap elementor-element-populated\">\n\t\t\t\t\t\t<div class=\"elementor-element elementor-element-d9f0d55 elementor-widget-divider--view-line elementor-widget elementor-widget-divider\" data-id=\"d9f0d55\" data-element_type=\"widget\" data-widget_type=\"divider.default\">\n\t\t\t\t<div class=\"elementor-widget-container\">\n\t\t\t\t\t\t\t<div class=\"elementor-divider\">\n\t\t\t<span class=\"elementor-divider-separator\">\n\t\t\t\t\t\t<\/span>\n\t\t<\/div>\n\t\t\t\t\t\t<\/div>\n\t\t\t\t<\/div>\n\t\t\t\t\t<\/div>\n\t\t<\/div>\n\t\t\t\t\t<\/div>\n\t\t<\/section>\n\t\t\t\t<section class=\"elementor-section elementor-top-section elementor-element elementor-element-9850967 elementor-section-boxed elementor-section-height-default elementor-section-height-default qodef-elementor-content-no\" data-id=\"9850967\" data-element_type=\"section\">\n\t\t\t\t\t\t<div class=\"elementor-container elementor-column-gap-default\">\n\t\t\t\t\t<div class=\"elementor-column elementor-col-100 elementor-top-column elementor-element elementor-element-e852cc1\" data-id=\"e852cc1\" data-element_type=\"column\">\n\t\t\t<div class=\"elementor-widget-wrap elementor-element-populated\">\n\t\t\t\t\t\t<div class=\"elementor-element elementor-element-9c4bf46 elementor-widget elementor-widget-text-editor\" data-id=\"9c4bf46\" data-element_type=\"widget\" data-widget_type=\"text-editor.default\">\n\t\t\t\t<div class=\"elementor-widget-container\">\n\t\t\t\t\t\t\t\t\t<p>L&rsquo;abus d&rsquo;alcool est dangereux pour la sant\u00e9, \u00e0 consommer avec mod\u00e9ration.\u00a0<\/p>\t\t\t\t\t\t\t\t<\/div>\n\t\t\t\t<\/div>\n\t\t\t\t\t<\/div>\n\t\t<\/div>\n\t\t\t\t\t<\/div>\n\t\t<\/section>\n\t\t\t\t<\/div>\n\t\t","protected":false},"excerpt":{"rendered":"<p>\u00c0 l\u2019approche des beaux jours, la vigne se r\u00e9veille doucement de son long sommeil hivernal. Le viticulteur qui n\u2019a pas ch\u00f4m\u00e9 pendant les mois d\u2019hiver l\u2019accueille au saut du lit pour lancer le nouveau cycle v\u00e9g\u00e9tatif.\u00a0 Au programme : labours au mois de mars et palissage au mois d\u2019avril. Les labours Les labours ont lieu [&hellip;]<\/p>\n","protected":false},"author":5,"featured_media":7160,"comment_status":"closed","ping_status":"closed","sticky":false,"template":"","format":"standard","meta":{"_vp_format_video_url":"","_vp_image_focal_point":[],"footnotes":""},"categories":[270,2],"tags":[15,28,245,82,246,16,197,11],"class_list":["post-6042","post","type-post","status-publish","format-standard","has-post-thumbnail","hentry","category-a-la-vigne","category-blog","tag-famille-ravoire","tag-oenologie","tag-printemps","tag-provence","tag-savoir-faire-2","tag-vallee-du-rhone","tag-vignes-2","tag-vin"],"_links":{"self":[{"href":"https:\/\/ravoire.fr\/blog\/wp-json\/wp\/v2\/posts\/6042","targetHints":{"allow":["GET"]}}],"collection":[{"href":"https:\/\/ravoire.fr\/blog\/wp-json\/wp\/v2\/posts"}],"about":[{"href":"https:\/\/ravoire.fr\/blog\/wp-json\/wp\/v2\/types\/post"}],"author":[{"embeddable":true,"href":"https:\/\/ravoire.fr\/blog\/wp-json\/wp\/v2\/users\/5"}],"replies":[{"embeddable":true,"href":"https:\/\/ravoire.fr\/blog\/wp-json\/wp\/v2\/comments?post=6042"}],"version-history":[{"count":12,"href":"https:\/\/ravoire.fr\/blog\/wp-json\/wp\/v2\/posts\/6042\/revisions"}],"predecessor-version":[{"id":7465,"href":"https:\/\/ravoire.fr\/blog\/wp-json\/wp\/v2\/posts\/6042\/revisions\/7465"}],"wp:featuredmedia":[{"embeddable":true,"href":"https:\/\/ravoire.fr\/blog\/wp-json\/wp\/v2\/media\/7160"}],"wp:attachment":[{"href":"https:\/\/ravoire.fr\/blog\/wp-json\/wp\/v2\/media?parent=6042"}],"wp:term":[{"taxonomy":"category","embeddable":true,"href":"https:\/\/ravoire.fr\/blog\/wp-json\/wp\/v2\/categories?post=6042"},{"taxonomy":"post_tag","embeddable":true,"href":"https:\/\/ravoire.fr\/blog\/wp-json\/wp\/v2\/tags?post=6042"}],"curies":[{"name":"wp","href":"https:\/\/api.w.org\/{rel}","templated":true}]}}