{"id":12470,"date":"2025-03-01T11:00:00","date_gmt":"2025-03-01T10:00:00","guid":{"rendered":"https:\/\/ravoire.fr\/blog\/?p=12470"},"modified":"2025-02-27T16:00:53","modified_gmt":"2025-02-27T15:00:53","slug":"cest-le-mois-du-reemploi-chez-famille-ravoire","status":"publish","type":"post","link":"https:\/\/ravoire.fr\/blog\/cest-le-mois-du-reemploi-chez-famille-ravoire\/","title":{"rendered":"C&rsquo;est le mois du r\u00e9emploi chez Famille Ravoire"},"content":{"rendered":"\t\t<div data-elementor-type=\"wp-post\" data-elementor-id=\"12470\" class=\"elementor elementor-12470\">\n\t\t\t\t\t\t<section class=\"elementor-section elementor-top-section elementor-element elementor-element-ce5c43b elementor-section-boxed elementor-section-height-default elementor-section-height-default qodef-elementor-content-no\" data-id=\"ce5c43b\" data-element_type=\"section\">\n\t\t\t\t\t\t<div class=\"elementor-container elementor-column-gap-default\">\n\t\t\t\t\t<div class=\"elementor-column elementor-col-100 elementor-top-column elementor-element elementor-element-d1e12c1\" data-id=\"d1e12c1\" data-element_type=\"column\">\n\t\t\t<div class=\"elementor-widget-wrap elementor-element-populated\">\n\t\t\t\t\t\t<div class=\"elementor-element elementor-element-475766f elementor-widget elementor-widget-text-editor\" data-id=\"475766f\" data-element_type=\"widget\" data-widget_type=\"text-editor.default\">\n\t\t\t\t<div class=\"elementor-widget-container\">\n\t\t\t\t\t\t\t\t\t<p>Chaque ann\u00e9e, le mois de mars met \u00e0 l\u2019honneur une pratique essentielle pour r\u00e9duire notre impact environnemental : le r\u00e9emploi. \u00c0 l\u2019initiative du r\u00e9seau <a href=\"https:\/\/reseauvracetreemploi.org\/\"><strong>Vrac &amp; R\u00e9emploi<\/strong><\/a>, cet \u00e9v\u00e9nement vise \u00e0 sensibiliser les consommateurs et les professionnels \u00e0 l\u2019importance de donner une seconde vie aux emballages et aux objets du quotidien.<\/p><p>Chez Famille Ravoire nous sommes fiers de c\u00e9l\u00e9brer cette d\u00e9marche \u00e0 vos c\u00f4t\u00e9s\u00a0!<\/p><h2>Notre gamme de vins aux bouteilles r\u00e9employables<\/h2><p>\u00a0En effet notre entreprise s\u2019inscrit depuis plusieurs ann\u00e9es dans une d\u00e9marche plus durable. Nous sommes dans un sch\u00e9ma de recherche constante visant \u00e0 diminuer notre incidence sur l\u2019environnement tout en augmentant la qualit\u00e9 de nos produits.<\/p><p>Saviez-vous que le facteur qui impacte le plus une entreprise viticole est la fabrication des bouteilles en verre qu\u2019elle utilise\u00a0? Eh oui, pour notre entreprise cela repr\u00e9sentait en 2022, 49% de nos \u00e9missions de CO2 !<\/p><p>Nous avons alors choisi la solution du r\u00e9emploi afin de diminuer ces chiffres non n\u00e9gligeables. Depuis maintenant plus de trois ans, notre gamme <a href=\"https:\/\/ravoire.fr\/Boutique\/content\/33-nos-cuvees-reemployables\"><strong>Maison Ravoire<\/strong><\/a> utilise des bouteilles aptes au r\u00e9emploi et cela a impliqu\u00e9 plusieurs changements\u00a0:<\/p><p>D\u2019abord, nous avons choisi une bouteille r\u00e9pondant aux standards exig\u00e9s par le\u00a0<a href=\"http:\/\/www.reseauconsigne.com\/\"><strong>R\u00e9seau Consigne France<\/strong><\/a>. Puis, il a fallu retravailler nos \u00e9tiquettes afin de les rendre lavables et faciliter le nettoyage des bouteilles durant leur transition vers un nouveau cycle \u2013 une transition rendue possible gr\u00e2ce au savoir-faire de nos fournisseurs, \u00e0 l\u2019imprimeur <a href=\"https:\/\/www.inessens.fr\/\"><strong>INESSENS<\/strong><\/a>\u00a0et au papetier\u00a0<a href=\"https:\/\/www.averydennison.com\/fr\/home.html\"><strong>Avery Dennison<\/strong><\/a>\u00a0qui nous permettent de conserver un rendu qualitatif avec papier \u00e9pais et dorure \u2013 le tout appos\u00e9 sur un support lavable adh\u00e9sif.<\/p><p>Enfin, des adaptations ont d\u00fb \u00eatre mises en place sur les lignes d\u2019embouteillage afin d\u2019imprimer en encre lavable le num\u00e9ro de lot indispensable \u00e0 la tra\u00e7abilit\u00e9.<\/p><h2>Une nouvelle dorure plus \u00e9cologique<\/h2><p>Mais nous ne nous sommes pas arr\u00eat\u00e9s l\u00e0\u00a0!<\/p><p>En 2024, notre imprimeur Inessens nous pr\u00e9sente une innovation en phase avec nos engagements : une nouvelle dorure en PET 100 % recycl\u00e9, d\u00e9velopp\u00e9e en collaboration avec <a href=\"http:\/\/www.lctradefrance.com\/\"><strong>LC Trade<\/strong><\/a>, le seul diffuseur fran\u00e7ais de la marque Univacco pour cette solution \u00e9cologique.<\/p><p>Cette dorure permet un gain carbone de 26 % par rapport aux autres dorures du march\u00e9. Convaincus par cette avanc\u00e9e et soucieux de toujours aller plus loin dans nos d\u00e9marches en faveur de l\u2019environnement, nous avons choisi de l\u2019adopter sur les \u00e9tiquettes de notre gamme Maison Ravoire.<\/p><p>Un pas de plus vers des emballages plus responsables, sans compromis sur l\u2019\u00e9l\u00e9gance de nos vins.<\/p><h2>Favoriser le d\u00e9veloppement d\u2019un maillage local engag\u00e9 et vertueux<\/h2><p>N\u2019oublions pas, notre collecteur de bouteilles r\u00e9employables.<\/p><p>Accessible sur le parking de notre site \u00e0 Salon de Provence, ce dispositif vous permet de d\u00e9poser facilement vos bouteilles consign\u00e9es. Apr\u00e8s avoir rendu votre bouteille, vous obtiendrez un bon d\u2019achat de 1\u20ac valable sur notre <a href=\"https:\/\/ravoire.fr\/Boutique\/\"><strong>boutique en ligne<\/strong><\/a>.<\/p><p>Le mois du r\u00e9emploi est l\u2019occasion de r\u00e9affirmer notre engagement envers un avenir plus respectueux de l\u2019environnement, de vous faire d\u00e9couvrir ces d\u00e9marches et les options qui s\u2019offrent \u00e0 vous. C\u2019est pourquoi, nous vous invitons \u00e0 nous suivre sur nos <a href=\"https:\/\/www.instagram.com\/maisonravoire\/\"><strong>r\u00e9seaux-sociaux<\/strong><\/a> sur lesquels de nombreuses informations et surprises vous attendent ce mois-ci\u00a0!<\/p>\t\t\t\t\t\t\t\t<\/div>\n\t\t\t\t<\/div>\n\t\t\t\t<div class=\"elementor-element elementor-element-397c47c elementor-widget-divider--view-line elementor-widget elementor-widget-divider\" data-id=\"397c47c\" data-element_type=\"widget\" data-widget_type=\"divider.default\">\n\t\t\t\t<div class=\"elementor-widget-container\">\n\t\t\t\t\t\t\t<div class=\"elementor-divider\">\n\t\t\t<span class=\"elementor-divider-separator\">\n\t\t\t\t\t\t<\/span>\n\t\t<\/div>\n\t\t\t\t\t\t<\/div>\n\t\t\t\t<\/div>\n\t\t\t\t<div class=\"elementor-element elementor-element-f214d5b elementor-widget elementor-widget-text-editor\" data-id=\"f214d5b\" data-element_type=\"widget\" data-widget_type=\"text-editor.default\">\n\t\t\t\t<div class=\"elementor-widget-container\">\n\t\t\t\t\t\t\t\t\t<p>L&rsquo;abus d&rsquo;alcool est dangereux pour la sant\u00e9, \u00e0 consommer avec mod\u00e9ration.<\/p>\t\t\t\t\t\t\t\t<\/div>\n\t\t\t\t<\/div>\n\t\t\t\t\t<\/div>\n\t\t<\/div>\n\t\t\t\t\t<\/div>\n\t\t<\/section>\n\t\t\t\t<section class=\"elementor-section elementor-top-section elementor-element elementor-element-74d5eb8 elementor-section-boxed elementor-section-height-default elementor-section-height-default qodef-elementor-content-no\" data-id=\"74d5eb8\" data-element_type=\"section\">\n\t\t\t\t\t\t<div class=\"elementor-container elementor-column-gap-default\">\n\t\t\t\t\t<div class=\"elementor-column elementor-col-100 elementor-top-column elementor-element elementor-element-ce7c2e2\" data-id=\"ce7c2e2\" data-element_type=\"column\">\n\t\t\t<div class=\"elementor-widget-wrap elementor-element-populated\">\n\t\t\t\t\t\t<div class=\"elementor-element elementor-element-2815e86 elementor-widget elementor-widget-text-editor\" data-id=\"2815e86\" data-element_type=\"widget\" data-widget_type=\"text-editor.default\">\n\t\t\t\t<div class=\"elementor-widget-container\">\n\t\t\t\t\t\t\t\t\t<p><em>Cet article a \u00e9t\u00e9 partiellement \u00e9labor\u00e9 avec l\u2019assistance de ChatGPT.\u00a0<\/em><\/p>\t\t\t\t\t\t\t\t<\/div>\n\t\t\t\t<\/div>\n\t\t\t\t\t<\/div>\n\t\t<\/div>\n\t\t\t\t\t<\/div>\n\t\t<\/section>\n\t\t\t\t<\/div>\n\t\t","protected":false},"excerpt":{"rendered":"<p>Chaque ann\u00e9e, le mois de mars met \u00e0 l\u2019honneur une pratique essentielle pour r\u00e9duire notre impact environnemental : le r\u00e9emploi. \u00c0 l\u2019initiative du r\u00e9seau Vrac &amp; R\u00e9emploi, cet \u00e9v\u00e9nement vise \u00e0 sensibiliser les consommateurs et les professionnels \u00e0 l\u2019importance de donner une seconde vie aux emballages et aux objets du quotidien. Chez Famille Ravoire nous [&hellip;]<\/p>\n","protected":false},"author":6,"featured_media":12471,"comment_status":"closed","ping_status":"closed","sticky":false,"template":"","format":"standard","meta":{"_vp_format_video_url":"","_vp_image_focal_point":[],"footnotes":""},"categories":[2],"tags":[274,223,15,14,212],"class_list":["post-12470","post","type-post","status-publish","format-standard","has-post-thumbnail","hentry","category-blog","tag-consigne","tag-ecologie","tag-famille-ravoire","tag-maison-ravoire","tag-reemploi"],"_links":{"self":[{"href":"https:\/\/ravoire.fr\/blog\/wp-json\/wp\/v2\/posts\/12470","targetHints":{"allow":["GET"]}}],"collection":[{"href":"https:\/\/ravoire.fr\/blog\/wp-json\/wp\/v2\/posts"}],"about":[{"href":"https:\/\/ravoire.fr\/blog\/wp-json\/wp\/v2\/types\/post"}],"author":[{"embeddable":true,"href":"https:\/\/ravoire.fr\/blog\/wp-json\/wp\/v2\/users\/6"}],"replies":[{"embeddable":true,"href":"https:\/\/ravoire.fr\/blog\/wp-json\/wp\/v2\/comments?post=12470"}],"version-history":[{"count":10,"href":"https:\/\/ravoire.fr\/blog\/wp-json\/wp\/v2\/posts\/12470\/revisions"}],"predecessor-version":[{"id":12481,"href":"https:\/\/ravoire.fr\/blog\/wp-json\/wp\/v2\/posts\/12470\/revisions\/12481"}],"wp:featuredmedia":[{"embeddable":true,"href":"https:\/\/ravoire.fr\/blog\/wp-json\/wp\/v2\/media\/12471"}],"wp:attachment":[{"href":"https:\/\/ravoire.fr\/blog\/wp-json\/wp\/v2\/media?parent=12470"}],"wp:term":[{"taxonomy":"category","embeddable":true,"href":"https:\/\/ravoire.fr\/blog\/wp-json\/wp\/v2\/categories?post=12470"},{"taxonomy":"post_tag","embeddable":true,"href":"https:\/\/ravoire.fr\/blog\/wp-json\/wp\/v2\/tags?post=12470"}],"curies":[{"name":"wp","href":"https:\/\/api.w.org\/{rel}","templated":true}]}}