{"id":12065,"date":"2024-12-18T10:00:00","date_gmt":"2024-12-18T09:00:00","guid":{"rendered":"https:\/\/ravoire.fr\/blog\/?p=12065"},"modified":"2024-12-18T16:53:35","modified_gmt":"2024-12-18T15:53:35","slug":"nouveau-produit-dans-la-gamme-famille-ravoire-avec-terrasses-de-fontanieu-reserve-en-aop-bandol-rouge","status":"publish","type":"post","link":"https:\/\/ravoire.fr\/blog\/nouveau-produit-dans-la-gamme-famille-ravoire-avec-terrasses-de-fontanieu-reserve-en-aop-bandol-rouge\/","title":{"rendered":"Nouveau produit dans la gamme Famille Ravoire avec Terrasses de Fontanieu &#8211; R\u00e9serve &#8211; en AOP Bandol Rouge"},"content":{"rendered":"\t\t<div data-elementor-type=\"wp-post\" data-elementor-id=\"12065\" class=\"elementor elementor-12065\">\n\t\t\t\t\t\t<section class=\"elementor-section elementor-top-section elementor-element elementor-element-2a58334 elementor-section-boxed elementor-section-height-default elementor-section-height-default qodef-elementor-content-no\" data-id=\"2a58334\" data-element_type=\"section\">\n\t\t\t\t\t\t<div class=\"elementor-container elementor-column-gap-default\">\n\t\t\t\t\t<div class=\"elementor-column elementor-col-100 elementor-top-column elementor-element elementor-element-3a08015\" data-id=\"3a08015\" data-element_type=\"column\">\n\t\t\t<div class=\"elementor-widget-wrap elementor-element-populated\">\n\t\t\t\t\t\t<div class=\"elementor-element elementor-element-f67589a elementor-widget elementor-widget-text-editor\" data-id=\"f67589a\" data-element_type=\"widget\" data-widget_type=\"text-editor.default\">\n\t\t\t\t<div class=\"elementor-widget-container\">\n\t\t\t\t\t\t\t\t\t<p>A l\u2019instar de ce que <a href=\"https:\/\/ravoire.fr\/Boutique\/\"><b>Famille Ravoire <\/b><\/a>propose historiquement sur ses crus de la Vall\u00e9e du Rh\u00f4ne, une nouvelle cuv\u00e9e voit le jour sous le nom Terrasses de Fontanieu \u00ab R\u00e9serve \u00bb et l\u2019appellation Bandol rouge avec un \u00e9levage d\u00e9fini et dirig\u00e9 par l\u2019\u0153nologue de la maison Pierre Vieillescazes.<\/p>\t\t\t\t\t\t\t\t<\/div>\n\t\t\t\t<\/div>\n\t\t\t\t\t<\/div>\n\t\t<\/div>\n\t\t\t\t\t<\/div>\n\t\t<\/section>\n\t\t\t\t<section class=\"elementor-section elementor-top-section elementor-element elementor-element-ee501f4 elementor-section-boxed elementor-section-height-default elementor-section-height-default qodef-elementor-content-no\" data-id=\"ee501f4\" data-element_type=\"section\">\n\t\t\t\t\t\t<div class=\"elementor-container elementor-column-gap-default\">\n\t\t\t\t\t<div class=\"elementor-column elementor-col-100 elementor-top-column elementor-element elementor-element-5a93504\" data-id=\"5a93504\" data-element_type=\"column\">\n\t\t\t<div class=\"elementor-widget-wrap elementor-element-populated\">\n\t\t\t\t\t\t<section class=\"elementor-section elementor-inner-section elementor-element elementor-element-849dd03 elementor-section-boxed elementor-section-height-default elementor-section-height-default qodef-elementor-content-no\" data-id=\"849dd03\" data-element_type=\"section\">\n\t\t\t\t\t\t<div class=\"elementor-container elementor-column-gap-default\">\n\t\t\t\t\t<div class=\"elementor-column elementor-col-50 elementor-inner-column elementor-element elementor-element-9319dba\" data-id=\"9319dba\" data-element_type=\"column\">\n\t\t\t<div class=\"elementor-widget-wrap elementor-element-populated\">\n\t\t\t\t\t\t<div class=\"elementor-element elementor-element-d6605f2 elementor-widget elementor-widget-image\" data-id=\"d6605f2\" data-element_type=\"widget\" data-widget_type=\"image.default\">\n\t\t\t\t<div class=\"elementor-widget-container\">\n\t\t\t\t\t\t\t\t\t\t\t\t\t\t\t<img fetchpriority=\"high\" decoding=\"async\" width=\"576\" height=\"1024\" src=\"https:\/\/ravoire.fr\/blog\/wp-content\/uploads\/2024\/12\/2-576x1024.jpg\" class=\"attachment-large size-large wp-image-12069\" alt=\"\" srcset=\"https:\/\/ravoire.fr\/blog\/wp-content\/uploads\/2024\/12\/2-576x1024.jpg 576w, https:\/\/ravoire.fr\/blog\/wp-content\/uploads\/2024\/12\/2-169x300.jpg 169w, https:\/\/ravoire.fr\/blog\/wp-content\/uploads\/2024\/12\/2-768x1365.jpg 768w, https:\/\/ravoire.fr\/blog\/wp-content\/uploads\/2024\/12\/2-864x1536.jpg 864w, https:\/\/ravoire.fr\/blog\/wp-content\/uploads\/2024\/12\/2-500x889.jpg 500w, https:\/\/ravoire.fr\/blog\/wp-content\/uploads\/2024\/12\/2-800x1422.jpg 800w, https:\/\/ravoire.fr\/blog\/wp-content\/uploads\/2024\/12\/2.jpg 1080w\" sizes=\"(max-width: 576px) 100vw, 576px\" \/>\t\t\t\t\t\t\t\t\t\t\t\t\t\t\t<\/div>\n\t\t\t\t<\/div>\n\t\t\t\t\t<\/div>\n\t\t<\/div>\n\t\t\t\t<div class=\"elementor-column elementor-col-50 elementor-inner-column elementor-element elementor-element-47093b0\" data-id=\"47093b0\" data-element_type=\"column\">\n\t\t\t<div class=\"elementor-widget-wrap elementor-element-populated\">\n\t\t\t\t\t\t<div class=\"elementor-element elementor-element-e29401f elementor-widget elementor-widget-heading\" data-id=\"e29401f\" data-element_type=\"widget\" data-widget_type=\"heading.default\">\n\t\t\t\t<div class=\"elementor-widget-container\">\n\t\t\t\t\t<h2 class=\"elementor-heading-title elementor-size-default\">Nouvelle cuv\u00e9e<\/h2>\t\t\t\t<\/div>\n\t\t\t\t<\/div>\n\t\t\t\t<div class=\"elementor-element elementor-element-fc7cba0 elementor-widget elementor-widget-text-editor\" data-id=\"fc7cba0\" data-element_type=\"widget\" data-widget_type=\"text-editor.default\">\n\t\t\t\t<div class=\"elementor-widget-container\">\n\t\t\t\t\t\t\t\t\t<p><strong><a href=\"https:\/\/ravoire.fr\/Boutique\/autres-cuvees-de-provence\/142-199-autres-cuvees-de-provence-terrasses-de-fontanieu-reserve-aop-bandol-rouge.html#\/26-quantite-a_l_unite\">Le Bandol rouge \u00ab R\u00e9serve \u00bb Terrasses de Fontanieu<\/a><\/strong> a \u00e9t\u00e9 \u00e9labor\u00e9 chez l\u2019un de nos vignerons historiquement partenaires, situ\u00e9s sur les meilleurs terroirs de l\u2019appellation. Embouteill\u00e9e pour la premi\u00e8re fois sur le mill\u00e9sime 2022, cette cuv\u00e9e est issue d\u2019un assemblage de 80% de Mourv\u00e8dre, 15% de Grenache et 5% de Carignan. Les raisins, provenant de vieilles vignes plant\u00e9es sur des sols profonds et caillouteux avec pr\u00e9sence d\u2019argiles et de gr\u00e8s calcaires, sont s\u00e9lectionn\u00e9s avec soin et attention par notre vigneron.<\/p>\t\t\t\t\t\t\t\t<\/div>\n\t\t\t\t<\/div>\n\t\t\t\t\t<\/div>\n\t\t<\/div>\n\t\t\t\t\t<\/div>\n\t\t<\/section>\n\t\t\t\t\t<\/div>\n\t\t<\/div>\n\t\t\t\t\t<\/div>\n\t\t<\/section>\n\t\t\t\t<section class=\"elementor-section elementor-top-section elementor-element elementor-element-609a07c elementor-section-boxed elementor-section-height-default elementor-section-height-default qodef-elementor-content-no\" data-id=\"609a07c\" data-element_type=\"section\">\n\t\t\t\t\t\t<div class=\"elementor-container elementor-column-gap-default\">\n\t\t\t\t\t<div class=\"elementor-column elementor-col-100 elementor-top-column elementor-element elementor-element-58284dc\" data-id=\"58284dc\" data-element_type=\"column\">\n\t\t\t<div class=\"elementor-widget-wrap elementor-element-populated\">\n\t\t\t\t\t\t<section class=\"elementor-section elementor-inner-section elementor-element elementor-element-77a99b1 elementor-section-boxed elementor-section-height-default elementor-section-height-default qodef-elementor-content-no\" data-id=\"77a99b1\" data-element_type=\"section\">\n\t\t\t\t\t\t<div class=\"elementor-container elementor-column-gap-default\">\n\t\t\t\t\t<div class=\"elementor-column elementor-col-50 elementor-inner-column elementor-element elementor-element-ea722e7\" data-id=\"ea722e7\" data-element_type=\"column\">\n\t\t\t<div class=\"elementor-widget-wrap elementor-element-populated\">\n\t\t\t\t\t\t<div class=\"elementor-element elementor-element-6057863 elementor-widget elementor-widget-heading\" data-id=\"6057863\" data-element_type=\"widget\" data-widget_type=\"heading.default\">\n\t\t\t\t<div class=\"elementor-widget-container\">\n\t\t\t\t\t<h2 class=\"elementor-heading-title elementor-size-default\">Elevage d\u00e9finit par Pierre Vieillescazes<\/h2>\t\t\t\t<\/div>\n\t\t\t\t<\/div>\n\t\t\t\t<div class=\"elementor-element elementor-element-115a2a7 elementor-widget elementor-widget-text-editor\" data-id=\"115a2a7\" data-element_type=\"widget\" data-widget_type=\"text-editor.default\">\n\t\t\t\t<div class=\"elementor-widget-container\">\n\t\t\t\t\t\t\t\t\t<p>Pendant 18 mois, une partie des qualit\u00e9s (40%) est \u00e9lev\u00e9e dans des f\u00fbts Bourguignons de 228 litres compl\u00e9t\u00e9s par des demi-muids de 600 litres ; le reste de l\u2019assemblage demeure en foudres traditionnels. Le r\u00e9sultat ainsi obtenu correspond \u00e0 un style pr\u00e9d\u00e9fini, volontairement voulu pour nos vins, avec des tanins enrobant, du gras et du volume en bouche, sans que le bois ne vienne dominer l\u2019aromatique globale.\u00a0<\/p>\t\t\t\t\t\t\t\t<\/div>\n\t\t\t\t<\/div>\n\t\t\t\t\t<\/div>\n\t\t<\/div>\n\t\t\t\t<div class=\"elementor-column elementor-col-50 elementor-inner-column elementor-element elementor-element-462ddaa\" data-id=\"462ddaa\" data-element_type=\"column\">\n\t\t\t<div class=\"elementor-widget-wrap elementor-element-populated\">\n\t\t\t\t\t\t<div class=\"elementor-element elementor-element-e5a447b elementor-widget elementor-widget-image\" data-id=\"e5a447b\" data-element_type=\"widget\" data-widget_type=\"image.default\">\n\t\t\t\t<div class=\"elementor-widget-container\">\n\t\t\t\t\t\t\t\t\t\t\t\t\t\t\t<img decoding=\"async\" width=\"576\" height=\"1024\" src=\"https:\/\/ravoire.fr\/blog\/wp-content\/uploads\/2024\/12\/1-576x1024.jpg\" class=\"attachment-large size-large wp-image-12068\" alt=\"\" srcset=\"https:\/\/ravoire.fr\/blog\/wp-content\/uploads\/2024\/12\/1-576x1024.jpg 576w, https:\/\/ravoire.fr\/blog\/wp-content\/uploads\/2024\/12\/1-169x300.jpg 169w, https:\/\/ravoire.fr\/blog\/wp-content\/uploads\/2024\/12\/1-768x1365.jpg 768w, https:\/\/ravoire.fr\/blog\/wp-content\/uploads\/2024\/12\/1-864x1536.jpg 864w, https:\/\/ravoire.fr\/blog\/wp-content\/uploads\/2024\/12\/1-500x889.jpg 500w, https:\/\/ravoire.fr\/blog\/wp-content\/uploads\/2024\/12\/1-800x1422.jpg 800w, https:\/\/ravoire.fr\/blog\/wp-content\/uploads\/2024\/12\/1.jpg 1080w\" sizes=\"(max-width: 576px) 100vw, 576px\" \/>\t\t\t\t\t\t\t\t\t\t\t\t\t\t\t<\/div>\n\t\t\t\t<\/div>\n\t\t\t\t\t<\/div>\n\t\t<\/div>\n\t\t\t\t\t<\/div>\n\t\t<\/section>\n\t\t\t\t\t<\/div>\n\t\t<\/div>\n\t\t\t\t\t<\/div>\n\t\t<\/section>\n\t\t\t\t<section class=\"elementor-section elementor-top-section elementor-element elementor-element-06b2ec2 elementor-section-boxed elementor-section-height-default elementor-section-height-default qodef-elementor-content-no\" data-id=\"06b2ec2\" data-element_type=\"section\">\n\t\t\t\t\t\t<div class=\"elementor-container elementor-column-gap-default\">\n\t\t\t\t\t<div class=\"elementor-column elementor-col-100 elementor-top-column elementor-element elementor-element-7d004e9\" data-id=\"7d004e9\" data-element_type=\"column\">\n\t\t\t<div class=\"elementor-widget-wrap elementor-element-populated\">\n\t\t\t\t\t\t<div class=\"elementor-element elementor-element-9b139e6 elementor-widget elementor-widget-heading\" data-id=\"9b139e6\" data-element_type=\"widget\" data-widget_type=\"heading.default\">\n\t\t\t\t<div class=\"elementor-widget-container\">\n\t\t\t\t\t<h2 class=\"elementor-heading-title elementor-size-default\">Mill\u00e9sime 2022 : une r\u00e9cole pr\u00e9coce offrant concentration et aromatique<\/h2>\t\t\t\t<\/div>\n\t\t\t\t<\/div>\n\t\t\t\t<div class=\"elementor-element elementor-element-d3768d5 elementor-widget elementor-widget-text-editor\" data-id=\"d3768d5\" data-element_type=\"widget\" data-widget_type=\"text-editor.default\">\n\t\t\t\t<div class=\"elementor-widget-container\">\n\t\t\t\t\t\t\t\t\t<p>Le mill\u00e9sime 2022 dans l&rsquo;appellation Bandol s\u2019est distingu\u00e9 par des conditions climatiques exceptionnelles, marqu\u00e9es par un \u00e9t\u00e9 particuli\u00e8rement chaud et sec. Les vignes, bien adapt\u00e9es aux sols arides et aux temp\u00e9ratures \u00e9lev\u00e9es, ont n\u00e9anmoins \u00e9t\u00e9 confront\u00e9es \u00e0 un stress hydrique important, favorisant la concentration des ar\u00f4mes et des tanins dans les raisins. Gr\u00e2ce \u00e0 ces conditions, les vendanges ont d\u00e9but\u00e9 plus t\u00f4t que pr\u00e9vu, d\u00e8s la fin du mois d\u2019ao\u00fbt pour certaines parcelles. Les rendements, bien que r\u00e9duits en raison de la s\u00e9cheresse, ont donn\u00e9 des grappes de grande qualit\u00e9, avec des baies petites mais tr\u00e8s concentr\u00e9es, offrant<br \/>une richesse aromatique exceptionnelle.<\/p>\t\t\t\t\t\t\t\t<\/div>\n\t\t\t\t<\/div>\n\t\t\t\t\t<\/div>\n\t\t<\/div>\n\t\t\t\t\t<\/div>\n\t\t<\/section>\n\t\t\t\t<section class=\"elementor-section elementor-top-section elementor-element elementor-element-74c722b elementor-section-boxed elementor-section-height-default elementor-section-height-default qodef-elementor-content-no\" data-id=\"74c722b\" data-element_type=\"section\">\n\t\t\t\t\t\t<div class=\"elementor-container elementor-column-gap-default\">\n\t\t\t\t\t<div class=\"elementor-column elementor-col-100 elementor-top-column elementor-element elementor-element-71460a3\" data-id=\"71460a3\" data-element_type=\"column\">\n\t\t\t<div class=\"elementor-widget-wrap elementor-element-populated\">\n\t\t\t\t\t\t<div class=\"elementor-element elementor-element-a975f23 elementor-widget-divider--view-line elementor-widget elementor-widget-divider\" data-id=\"a975f23\" data-element_type=\"widget\" data-widget_type=\"divider.default\">\n\t\t\t\t<div class=\"elementor-widget-container\">\n\t\t\t\t\t\t\t<div class=\"elementor-divider\">\n\t\t\t<span class=\"elementor-divider-separator\">\n\t\t\t\t\t\t<\/span>\n\t\t<\/div>\n\t\t\t\t\t\t<\/div>\n\t\t\t\t<\/div>\n\t\t\t\t<div class=\"elementor-element elementor-element-7f663ae elementor-widget elementor-widget-text-editor\" data-id=\"7f663ae\" data-element_type=\"widget\" data-widget_type=\"text-editor.default\">\n\t\t\t\t<div class=\"elementor-widget-container\">\n\t\t\t\t\t\t\t\t\t<p>L&rsquo;abus d&rsquo;alcool est dangereux pour la sant\u00e9, \u00e0 consommer avec mod\u00e9ration.\u00a0<\/p>\t\t\t\t\t\t\t\t<\/div>\n\t\t\t\t<\/div>\n\t\t\t\t\t<\/div>\n\t\t<\/div>\n\t\t\t\t\t<\/div>\n\t\t<\/section>\n\t\t\t\t<\/div>\n\t\t","protected":false},"excerpt":{"rendered":"<p>A l\u2019instar de ce que Famille Ravoire propose historiquement sur ses crus de la Vall\u00e9e du Rh\u00f4ne, une nouvelle cuv\u00e9e voit le jour sous le nom Terrasses de Fontanieu \u00ab R\u00e9serve \u00bb et l\u2019appellation Bandol rouge avec un \u00e9levage d\u00e9fini et dirig\u00e9 par l\u2019\u0153nologue de la maison Pierre Vieillescazes. Nouvelle cuv\u00e9e Le Bandol rouge \u00ab [&hellip;]<\/p>\n","protected":false},"author":6,"featured_media":12066,"comment_status":"closed","ping_status":"closed","sticky":false,"template":"","format":"standard","meta":{"_vp_format_video_url":"","_vp_image_focal_point":[],"footnotes":""},"categories":[3],"tags":[68,15,373,372,130],"class_list":["post-12065","post","type-post","status-publish","format-standard","has-post-thumbnail","hentry","category-revues-de-presse","tag-bandol","tag-famille-ravoire","tag-reserve","tag-terrasses-de-fontanieu","tag-vin-rouge"],"_links":{"self":[{"href":"https:\/\/ravoire.fr\/blog\/wp-json\/wp\/v2\/posts\/12065","targetHints":{"allow":["GET"]}}],"collection":[{"href":"https:\/\/ravoire.fr\/blog\/wp-json\/wp\/v2\/posts"}],"about":[{"href":"https:\/\/ravoire.fr\/blog\/wp-json\/wp\/v2\/types\/post"}],"author":[{"embeddable":true,"href":"https:\/\/ravoire.fr\/blog\/wp-json\/wp\/v2\/users\/6"}],"replies":[{"embeddable":true,"href":"https:\/\/ravoire.fr\/blog\/wp-json\/wp\/v2\/comments?post=12065"}],"version-history":[{"count":7,"href":"https:\/\/ravoire.fr\/blog\/wp-json\/wp\/v2\/posts\/12065\/revisions"}],"predecessor-version":[{"id":12076,"href":"https:\/\/ravoire.fr\/blog\/wp-json\/wp\/v2\/posts\/12065\/revisions\/12076"}],"wp:featuredmedia":[{"embeddable":true,"href":"https:\/\/ravoire.fr\/blog\/wp-json\/wp\/v2\/media\/12066"}],"wp:attachment":[{"href":"https:\/\/ravoire.fr\/blog\/wp-json\/wp\/v2\/media?parent=12065"}],"wp:term":[{"taxonomy":"category","embeddable":true,"href":"https:\/\/ravoire.fr\/blog\/wp-json\/wp\/v2\/categories?post=12065"},{"taxonomy":"post_tag","embeddable":true,"href":"https:\/\/ravoire.fr\/blog\/wp-json\/wp\/v2\/tags?post=12065"}],"curies":[{"name":"wp","href":"https:\/\/api.w.org\/{rel}","templated":true}]}}