{"id":11904,"date":"2024-10-01T09:00:00","date_gmt":"2024-10-01T07:00:00","guid":{"rendered":"https:\/\/ravoire.fr\/blog\/?p=11904"},"modified":"2024-11-13T17:03:40","modified_gmt":"2024-11-13T16:03:40","slug":"la-provence-vin-les-cotes-du-rhone-et-cotes-du-rhone-villages-entament-leur-tour-de-france-promotionnel","status":"publish","type":"post","link":"https:\/\/ravoire.fr\/blog\/la-provence-vin-les-cotes-du-rhone-et-cotes-du-rhone-villages-entament-leur-tour-de-france-promotionnel\/","title":{"rendered":"La Provence &#8211; Vin : les c\u00f4tes-du-rh\u00f4ne et c\u00f4tes-du-rh\u00f4ne villages entament leur tour de France promotionnel"},"content":{"rendered":"\t\t<div data-elementor-type=\"wp-post\" data-elementor-id=\"11904\" class=\"elementor elementor-11904\">\n\t\t\t\t\t\t<section class=\"elementor-section elementor-top-section elementor-element elementor-element-15ed48b elementor-section-boxed elementor-section-height-default elementor-section-height-default qodef-elementor-content-no\" data-id=\"15ed48b\" data-element_type=\"section\">\n\t\t\t\t\t\t<div class=\"elementor-container elementor-column-gap-default\">\n\t\t\t\t\t<div class=\"elementor-column elementor-col-100 elementor-top-column elementor-element elementor-element-0fd2f36\" data-id=\"0fd2f36\" data-element_type=\"column\">\n\t\t\t<div class=\"elementor-widget-wrap elementor-element-populated\">\n\t\t\t\t\t\t<div class=\"elementor-element elementor-element-df0e1e5 elementor-widget elementor-widget-text-editor\" data-id=\"df0e1e5\" data-element_type=\"widget\" data-widget_type=\"text-editor.default\">\n\t\t\t\t<div class=\"elementor-widget-container\">\n\t\t\t\t\t\t\t\t\t<h3 class=\"rev-heading-xl-extrabold rev-reset-css rev-layout-align-left\">De l\u2019appellation r\u00e9gionale g\u00e9n\u00e9rique aux villages et villages nomm\u00e9s, les vins du Rh\u00f4ne partent \u00e0 l\u2019assaut des restaurateurs et cavistes lors de d\u00e9gustations matinales organis\u00e9es dans cinq villes, Marseille, Nantes, Strasbourg, Lille et Grenoble, rep\u00e9r\u00e9es comme de potentiels r\u00e9servoirs de d\u00e9veloppement des ventes.<\/h3><div id=\"ob-article-body\" class=\"relative qiota_reserve\"><div class=\"body-text\" data-mrf-recirculation=\"La Provence - Articles Texte\"><p>Lundi 16 septembre, 9h30 dans le 7e arrondissement de Marseille. Une partie de la ville en est encore au petit-d\u00e9jeuner que, sur la jolie terrasse du restaurant\u00a0<a href=\"https:\/\/www.restaurant-sepia.fr\/\" target=\"_blank\" rel=\"noopener noreferrer\" data-mrf-link=\"https:\/\/www.restaurant-sepia.fr\/\">S\u00e9pia<\/a>, quelques cavistes, sommeliers et restaurateurs entament la d\u00e9gustation de dix blancs rhodaniens. Suivront trois ros\u00e9s et vingt rouges. Uniquement des\u00a0<a href=\"https:\/\/www.laprovence.com\/article\/region\/21791287972962\/vin-laop-gardoise-laudun-devient-le-18e-cru-des-cotes-du-rhone\" target=\"_self\" rel=\"noopener noreferrer\" data-mrf-link=\"https:\/\/www.laprovence.com\/article\/region\/21791287972962\/vin-laop-gardoise-laudun-devient-le-18e-cru-des-cotes-du-rhone\">c\u00f4tes-du-rh\u00f4ne<\/a>\u00a0(l\u2019appellation g\u00e9n\u00e9rique r\u00e9gionale qui couvre l\u2019ensemble de la vall\u00e9e, du nord au sud), des c\u00f4tes-du-rh\u00f4ne villages et des villages nomm\u00e9s (qui affichent une mention g\u00e9ographique compl\u00e9mentaire, valr\u00e9as, chusclan, saint-and\u00e9ol\u2026).<\/p><p>Marseille \u00e9tait la premi\u00e8re \u00e9tape de la nouvelle op\u00e9ration promotionnelle \u00ab\u00a010 heures vin\u00a0\u00bb, lanc\u00e9e \u00e0 l\u2019initiative d\u2019<a href=\"https:\/\/www.vins-rhone.com\/fr\" target=\"_blank\" rel=\"noopener noreferrer\" data-mrf-link=\"https:\/\/www.vins-rhone.com\/fr\">Inter Rh\u00f4ne<\/a>, l\u2019organisme qui repr\u00e9sente la fili\u00e8re viticole rhodanienne. Elle se renouvellera demain dans deux restos de Nantes et Strasbourg, le 30 septembre \u00e0 Lille et enfin le 14 octobre \u00e0 Grenoble, des zones de l\u2019Hexagone rep\u00e9r\u00e9es comme de potentiels r\u00e9servoirs de croissance. Lyon ayant d\u00e9j\u00e0 une op\u00e9ration promotionnelle r\u00e9guli\u00e8re des vins rhodaniens, elle ne fait pas partie de la tourn\u00e9e.<\/p><p>\u00ab\u00a0<em>Ce rendez-vous assez matinal pour une d\u00e9gustation de vin est un concept in\u00e9dit pour nous,<\/em>\u00a0explique \u00c9lodie Daniel, responsable marketing et export au sein d\u2019Inter Rh\u00f4ne<em>. On vise les pros et en premier lieu la CHR (caf\u00e9s, h\u00f4tels, restaurants).<\/em>\u00a0\u00bb Elodie Daniel &#8211; Inter Rh\u00f4ne<\/p><p>[&#8230;]<\/p><\/div><section><div id=\"ultimedia_wrapper\"><div id=\"um_ultimedia_wrapper_wrap_widget_default\"><div id=\"um_ultimedia_wrapper_list_ultimedia\" class=\"um_ultimedia_wrapper_jcarousel\" data-jcarousel=\"true\"><div class=\"um_ultimedia_wrapper_link_videoThumb\" title=\"Ce Marseillais n\u2019a pas de lyc\u00e9e depuis trois semaines \">\u00a0<\/div><\/div><\/div><\/div><\/section><\/div>\t\t\t\t\t\t\t\t<\/div>\n\t\t\t\t<\/div>\n\t\t\t\t\t<\/div>\n\t\t<\/div>\n\t\t\t\t\t<\/div>\n\t\t<\/section>\n\t\t\t\t<section class=\"elementor-section elementor-top-section elementor-element elementor-element-3140b93 elementor-section-boxed elementor-section-height-default elementor-section-height-default qodef-elementor-content-no\" data-id=\"3140b93\" data-element_type=\"section\">\n\t\t\t\t\t\t<div class=\"elementor-container elementor-column-gap-default\">\n\t\t\t\t\t<div class=\"elementor-column elementor-col-100 elementor-top-column elementor-element elementor-element-ed5e219\" data-id=\"ed5e219\" data-element_type=\"column\">\n\t\t\t<div class=\"elementor-widget-wrap elementor-element-populated\">\n\t\t\t\t\t\t<div class=\"elementor-element elementor-element-c2bb4ae elementor-widget elementor-widget-heading\" data-id=\"c2bb4ae\" data-element_type=\"widget\" data-widget_type=\"heading.default\">\n\t\t\t\t<div class=\"elementor-widget-container\">\n\t\t\t\t\t<h2 class=\"elementor-heading-title elementor-size-default\">Notre s\u00e9lection de c\u00f4tes-du-rh\u00f4ne et villages<\/h2>\t\t\t\t<\/div>\n\t\t\t\t<\/div>\n\t\t\t\t\t<\/div>\n\t\t<\/div>\n\t\t\t\t\t<\/div>\n\t\t<\/section>\n\t\t\t\t<section class=\"elementor-section elementor-top-section elementor-element elementor-element-2bb940a elementor-section-boxed elementor-section-height-default elementor-section-height-default qodef-elementor-content-no\" data-id=\"2bb940a\" data-element_type=\"section\">\n\t\t\t\t\t\t<div class=\"elementor-container elementor-column-gap-default\">\n\t\t\t\t\t<div class=\"elementor-column elementor-col-100 elementor-top-column elementor-element elementor-element-c1938fb\" data-id=\"c1938fb\" data-element_type=\"column\">\n\t\t\t<div class=\"elementor-widget-wrap elementor-element-populated\">\n\t\t\t\t\t\t<section class=\"elementor-section elementor-inner-section elementor-element elementor-element-ca45268 elementor-section-boxed elementor-section-height-default elementor-section-height-default qodef-elementor-content-no\" data-id=\"ca45268\" data-element_type=\"section\">\n\t\t\t\t\t\t<div class=\"elementor-container elementor-column-gap-default\">\n\t\t\t\t\t<div class=\"elementor-column elementor-col-50 elementor-inner-column elementor-element elementor-element-e362f98\" data-id=\"e362f98\" data-element_type=\"column\">\n\t\t\t<div class=\"elementor-widget-wrap elementor-element-populated\">\n\t\t\t\t\t\t<div class=\"elementor-element elementor-element-1fbde8b elementor-widget elementor-widget-text-editor\" data-id=\"1fbde8b\" data-element_type=\"widget\" data-widget_type=\"text-editor.default\">\n\t\t\t\t<div class=\"elementor-widget-container\">\n\t\t\t\t\t\t\t\t\t<p><strong><a href=\"https:\/\/ravoire.fr\/Boutique\/gamme-maison-ravoire\/93-145-gamme-maison-ravoire-maison-ravoire-aop-cotes-du-rhone-rouge.html#\/26-quantite-a_l_unite\">MAISON RAVOIRE &#8211; AOP C\u00f4tes du Rh\u00f4ne rouge 2023<\/a><\/strong><\/p><p>8.50 euros\u00a0<\/p><p>Maison familiale de n\u00e9goce bas\u00e9e \u00e0 Salon de Provence et active \u00e0 la fois en Vall\u00e9e du Rh\u00f4ne et en Provence viticole, Ravoire a pr\u00e9sent\u00e9 un tr\u00e8s joli rouge classique, assemblage de vieux grenaches noirs (70%) et syrahs simplement \u00e9lev\u00e9s en cuves b\u00e9ton. R\u00e9sultat, un rouge de fruit au profil moderne et fluide, plus riche que les tr\u00e8s \u00e0 la mode vin glou-glou sans exc\u00e8s de concentration.\u00a0<\/p><p><a href=\"https:\/\/ravoire.fr\/Boutique\/\"><b>Boutique en ligne sur ravoire.fr<\/b><\/a><\/p>\t\t\t\t\t\t\t\t<\/div>\n\t\t\t\t<\/div>\n\t\t\t\t\t<\/div>\n\t\t<\/div>\n\t\t\t\t<div class=\"elementor-column elementor-col-50 elementor-inner-column elementor-element elementor-element-9b6996e\" data-id=\"9b6996e\" data-element_type=\"column\">\n\t\t\t<div class=\"elementor-widget-wrap elementor-element-populated\">\n\t\t\t\t\t\t<div class=\"elementor-element elementor-element-2caebcf elementor-widget elementor-widget-image\" data-id=\"2caebcf\" data-element_type=\"widget\" data-widget_type=\"image.default\">\n\t\t\t\t<div class=\"elementor-widget-container\">\n\t\t\t\t\t\t\t\t\t\t\t\t\t\t\t<img fetchpriority=\"high\" decoding=\"async\" width=\"674\" height=\"1536\" src=\"https:\/\/ravoire.fr\/blog\/wp-content\/uploads\/2024\/09\/Maison-Ravoire-AOP-Cotes-du-Rhone-Rouge-2023-674x1536.jpg\" class=\"attachment-1536x1536 size-1536x1536 wp-image-11907\" alt=\"\" srcset=\"https:\/\/ravoire.fr\/blog\/wp-content\/uploads\/2024\/09\/Maison-Ravoire-AOP-Cotes-du-Rhone-Rouge-2023-674x1536.jpg 674w, https:\/\/ravoire.fr\/blog\/wp-content\/uploads\/2024\/09\/Maison-Ravoire-AOP-Cotes-du-Rhone-Rouge-2023-132x300.jpg 132w, https:\/\/ravoire.fr\/blog\/wp-content\/uploads\/2024\/09\/Maison-Ravoire-AOP-Cotes-du-Rhone-Rouge-2023-449x1024.jpg 449w, https:\/\/ravoire.fr\/blog\/wp-content\/uploads\/2024\/09\/Maison-Ravoire-AOP-Cotes-du-Rhone-Rouge-2023-768x1751.jpg 768w, https:\/\/ravoire.fr\/blog\/wp-content\/uploads\/2024\/09\/Maison-Ravoire-AOP-Cotes-du-Rhone-Rouge-2023-898x2048.jpg 898w, https:\/\/ravoire.fr\/blog\/wp-content\/uploads\/2024\/09\/Maison-Ravoire-AOP-Cotes-du-Rhone-Rouge-2023-500x1140.jpg 500w, https:\/\/ravoire.fr\/blog\/wp-content\/uploads\/2024\/09\/Maison-Ravoire-AOP-Cotes-du-Rhone-Rouge-2023-800x1824.jpg 800w, https:\/\/ravoire.fr\/blog\/wp-content\/uploads\/2024\/09\/Maison-Ravoire-AOP-Cotes-du-Rhone-Rouge-2023-1280x2918.jpg 1280w, https:\/\/ravoire.fr\/blog\/wp-content\/uploads\/2024\/09\/Maison-Ravoire-AOP-Cotes-du-Rhone-Rouge-2023-1920x4377.jpg 1920w, https:\/\/ravoire.fr\/blog\/wp-content\/uploads\/2024\/09\/Maison-Ravoire-AOP-Cotes-du-Rhone-Rouge-2023-scaled.jpg 1123w\" sizes=\"(max-width: 674px) 100vw, 674px\" \/>\t\t\t\t\t\t\t\t\t\t\t\t\t\t\t<\/div>\n\t\t\t\t<\/div>\n\t\t\t\t\t<\/div>\n\t\t<\/div>\n\t\t\t\t\t<\/div>\n\t\t<\/section>\n\t\t\t\t\t<\/div>\n\t\t<\/div>\n\t\t\t\t\t<\/div>\n\t\t<\/section>\n\t\t\t\t<section class=\"elementor-section elementor-top-section elementor-element elementor-element-ac09826 elementor-section-boxed elementor-section-height-default elementor-section-height-default qodef-elementor-content-no\" data-id=\"ac09826\" data-element_type=\"section\">\n\t\t\t\t\t\t<div class=\"elementor-container elementor-column-gap-default\">\n\t\t\t\t\t<div class=\"elementor-column elementor-col-100 elementor-top-column elementor-element elementor-element-25ffbd2\" data-id=\"25ffbd2\" data-element_type=\"column\">\n\t\t\t<div class=\"elementor-widget-wrap elementor-element-populated\">\n\t\t\t\t\t\t<div class=\"elementor-element elementor-element-6d5f8f3 elementor-widget-divider--view-line elementor-widget elementor-widget-divider\" data-id=\"6d5f8f3\" data-element_type=\"widget\" data-widget_type=\"divider.default\">\n\t\t\t\t<div class=\"elementor-widget-container\">\n\t\t\t\t\t\t\t<div class=\"elementor-divider\">\n\t\t\t<span class=\"elementor-divider-separator\">\n\t\t\t\t\t\t<\/span>\n\t\t<\/div>\n\t\t\t\t\t\t<\/div>\n\t\t\t\t<\/div>\n\t\t\t\t\t<\/div>\n\t\t<\/div>\n\t\t\t\t\t<\/div>\n\t\t<\/section>\n\t\t\t\t<section class=\"elementor-section elementor-top-section elementor-element elementor-element-985d3f7 elementor-section-boxed elementor-section-height-default elementor-section-height-default qodef-elementor-content-no\" data-id=\"985d3f7\" data-element_type=\"section\">\n\t\t\t\t\t\t<div class=\"elementor-container elementor-column-gap-default\">\n\t\t\t\t\t<div class=\"elementor-column elementor-col-100 elementor-top-column elementor-element elementor-element-ffcd810\" data-id=\"ffcd810\" data-element_type=\"column\">\n\t\t\t<div class=\"elementor-widget-wrap elementor-element-populated\">\n\t\t\t\t\t\t<div class=\"elementor-element elementor-element-1d4435d elementor-widget elementor-widget-text-editor\" data-id=\"1d4435d\" data-element_type=\"widget\" data-widget_type=\"text-editor.default\">\n\t\t\t\t<div class=\"elementor-widget-container\">\n\t\t\t\t\t\t\t\t\t<p><strong>Article complet sur\u00a0<a href=\"https:\/\/www.laprovence.com\/article\/region\/2912476732420214\/vin-les-cotes-du-rhone-et-cotes-du-rhone-villages-entament-leur-tour-de-france-promotionnel\">https:\/\/www.laprovence.com\/article\/region\/2912476732420214\/vin-les-cotes-du-rhone-et-cotes-du-rhone-villages-entament-leur<\/a><\/strong>-tour-de-france-promotionnel<\/p><p>L&rsquo;abus d&rsquo;alcool est dangereux pour la sant\u00e9, \u00e0 consommer avec mod\u00e9ration.\u00a0<\/p>\t\t\t\t\t\t\t\t<\/div>\n\t\t\t\t<\/div>\n\t\t\t\t\t<\/div>\n\t\t<\/div>\n\t\t\t\t\t<\/div>\n\t\t<\/section>\n\t\t\t\t<\/div>\n\t\t","protected":false},"excerpt":{"rendered":"<p>De l\u2019appellation r\u00e9gionale g\u00e9n\u00e9rique aux villages et villages nomm\u00e9s, les vins du Rh\u00f4ne partent \u00e0 l\u2019assaut des restaurateurs et cavistes lors de d\u00e9gustations matinales organis\u00e9es dans cinq villes, Marseille, Nantes, Strasbourg, Lille et Grenoble, rep\u00e9r\u00e9es comme de potentiels r\u00e9servoirs de d\u00e9veloppement des ventes. Lundi 16 septembre, 9h30 dans le 7e arrondissement de Marseille. Une partie [&hellip;]<\/p>\n","protected":false},"author":6,"featured_media":11976,"comment_status":"closed","ping_status":"closed","sticky":false,"template":"","format":"standard","meta":{"_vp_format_video_url":"","_vp_image_focal_point":[],"footnotes":""},"categories":[3],"tags":[213,364,15,363,14,16],"class_list":["post-11904","post","type-post","status-publish","format-standard","has-post-thumbnail","hentry","category-revues-de-presse","tag-article","tag-cotes-du-rhone","tag-famille-ravoire","tag-la-provence","tag-maison-ravoire","tag-vallee-du-rhone"],"_links":{"self":[{"href":"https:\/\/ravoire.fr\/blog\/wp-json\/wp\/v2\/posts\/11904","targetHints":{"allow":["GET"]}}],"collection":[{"href":"https:\/\/ravoire.fr\/blog\/wp-json\/wp\/v2\/posts"}],"about":[{"href":"https:\/\/ravoire.fr\/blog\/wp-json\/wp\/v2\/types\/post"}],"author":[{"embeddable":true,"href":"https:\/\/ravoire.fr\/blog\/wp-json\/wp\/v2\/users\/6"}],"replies":[{"embeddable":true,"href":"https:\/\/ravoire.fr\/blog\/wp-json\/wp\/v2\/comments?post=11904"}],"version-history":[{"count":13,"href":"https:\/\/ravoire.fr\/blog\/wp-json\/wp\/v2\/posts\/11904\/revisions"}],"predecessor-version":[{"id":11919,"href":"https:\/\/ravoire.fr\/blog\/wp-json\/wp\/v2\/posts\/11904\/revisions\/11919"}],"wp:featuredmedia":[{"embeddable":true,"href":"https:\/\/ravoire.fr\/blog\/wp-json\/wp\/v2\/media\/11976"}],"wp:attachment":[{"href":"https:\/\/ravoire.fr\/blog\/wp-json\/wp\/v2\/media?parent=11904"}],"wp:term":[{"taxonomy":"category","embeddable":true,"href":"https:\/\/ravoire.fr\/blog\/wp-json\/wp\/v2\/categories?post=11904"},{"taxonomy":"post_tag","embeddable":true,"href":"https:\/\/ravoire.fr\/blog\/wp-json\/wp\/v2\/tags?post=11904"}],"curies":[{"name":"wp","href":"https:\/\/api.w.org\/{rel}","templated":true}]}}