{"id":11784,"date":"2024-06-26T11:00:00","date_gmt":"2024-06-26T09:00:00","guid":{"rendered":"https:\/\/ravoire.fr\/blog\/?p=11784"},"modified":"2024-06-28T11:38:53","modified_gmt":"2024-06-28T09:38:53","slug":"bfm-business-famille-ravoire-tradition-et-innovation-au-coeur-des-vins-de-la-vallee-du-rhone-et-de-la-provence","status":"publish","type":"post","link":"https:\/\/ravoire.fr\/blog\/bfm-business-famille-ravoire-tradition-et-innovation-au-coeur-des-vins-de-la-vallee-du-rhone-et-de-la-provence\/","title":{"rendered":"BFM Business &#8211; Famille Ravoire : Tradition et innovation au c\u0153ur des vins de la Vall\u00e9e du Rh\u00f4ne et de la Provence"},"content":{"rendered":"\t\t<div data-elementor-type=\"wp-post\" data-elementor-id=\"11784\" class=\"elementor elementor-11784\">\n\t\t\t\t\t\t<section class=\"elementor-section elementor-top-section elementor-element elementor-element-b491266 elementor-section-boxed elementor-section-height-default elementor-section-height-default qodef-elementor-content-no\" data-id=\"b491266\" data-element_type=\"section\">\n\t\t\t\t\t\t<div class=\"elementor-container elementor-column-gap-default\">\n\t\t\t\t\t<div class=\"elementor-column elementor-col-100 elementor-top-column elementor-element elementor-element-38ceee8\" data-id=\"38ceee8\" data-element_type=\"column\">\n\t\t\t<div class=\"elementor-widget-wrap elementor-element-populated\">\n\t\t\t\t\t\t<div class=\"elementor-element elementor-element-91e0f73 elementor-widget elementor-widget-text-editor\" data-id=\"91e0f73\" data-element_type=\"widget\" data-widget_type=\"text-editor.default\">\n\t\t\t\t<div class=\"elementor-widget-container\">\n\t\t\t\t\t\t\t\t\t<h5>La Famille Ravoire, une entreprise familiale ind\u00e9pendante, se distingue depuis des g\u00e9n\u00e9rations par son savoir-faire exceptionnel dans la production de vins de la Vall\u00e9e du Rh\u00f4ne et de la Provence. Bas\u00e9e \u00e0 Salon-de-Provence, la Famille Ravoire incarne des valeurs d&rsquo;humilit\u00e9 et d&rsquo;audace, tout en pla\u00e7ant l&rsquo;humain et l&rsquo;environnement au c\u0153ur de sa philosophie.<\/h5>\t\t\t\t\t\t\t\t<\/div>\n\t\t\t\t<\/div>\n\t\t\t\t<div class=\"elementor-element elementor-element-586b5d4 elementor-widget elementor-widget-video\" data-id=\"586b5d4\" data-element_type=\"widget\" data-settings=\"{&quot;youtube_url&quot;:&quot;https:\\\/\\\/youtu.be\\\/c92gOk9XIOc&quot;,&quot;video_type&quot;:&quot;youtube&quot;,&quot;controls&quot;:&quot;yes&quot;}\" data-widget_type=\"video.default\">\n\t\t\t\t<div class=\"elementor-widget-container\">\n\t\t\t\t\t\t\t<div class=\"elementor-wrapper elementor-open-inline\">\n\t\t\t<div class=\"elementor-video\"><\/div>\t\t<\/div>\n\t\t\t\t\t\t<\/div>\n\t\t\t\t<\/div>\n\t\t\t\t\t<\/div>\n\t\t<\/div>\n\t\t\t\t\t<\/div>\n\t\t<\/section>\n\t\t\t\t<section class=\"elementor-section elementor-top-section elementor-element elementor-element-e78b83a elementor-section-boxed elementor-section-height-default elementor-section-height-default qodef-elementor-content-no\" data-id=\"e78b83a\" data-element_type=\"section\">\n\t\t\t\t\t\t<div class=\"elementor-container elementor-column-gap-default\">\n\t\t\t\t\t<div class=\"elementor-column elementor-col-100 elementor-top-column elementor-element elementor-element-2d161ad\" data-id=\"2d161ad\" data-element_type=\"column\">\n\t\t\t<div class=\"elementor-widget-wrap elementor-element-populated\">\n\t\t\t\t\t\t<div class=\"elementor-element elementor-element-c0e84a7 e-transform elementor-widget elementor-widget-heading\" data-id=\"c0e84a7\" data-element_type=\"widget\" data-settings=\"{&quot;_transform_scale_effect&quot;:{&quot;unit&quot;:&quot;px&quot;,&quot;size&quot;:&quot;&quot;,&quot;sizes&quot;:[]},&quot;_transform_scale_effect_tablet&quot;:{&quot;unit&quot;:&quot;px&quot;,&quot;size&quot;:&quot;&quot;,&quot;sizes&quot;:[]},&quot;_transform_scale_effect_mobile&quot;:{&quot;unit&quot;:&quot;px&quot;,&quot;size&quot;:&quot;&quot;,&quot;sizes&quot;:[]}}\" data-widget_type=\"heading.default\">\n\t\t\t\t<div class=\"elementor-widget-container\">\n\t\t\t\t\t<h2 class=\"elementor-heading-title elementor-size-default\">Un savoir-faire singulier valoris\u00e9 \u00e0 travers ses marques phares<\/h2>\t\t\t\t<\/div>\n\t\t\t\t<\/div>\n\t\t\t\t<div class=\"elementor-element elementor-element-472f8ff elementor-widget elementor-widget-text-editor\" data-id=\"472f8ff\" data-element_type=\"widget\" data-widget_type=\"text-editor.default\">\n\t\t\t\t<div class=\"elementor-widget-container\">\n\t\t\t\t\t\t\t\t\t<p><strong>F<a href=\"https:\/\/ravoire.fr\/Boutique\/\">amille Ravoire<\/a><\/strong> excelle dans tous les aspects de la\u00a0<a class=\"external_link\" href=\"https:\/\/ravoire.fr\/Boutique\/content\/14-l-univers-manon\" target=\"_blank\" rel=\"noopener sponsored\">production viticole, de la vinification \u00e0 l&rsquo;\u00e9levage, en passant par l&rsquo;assemblage et la commercialisation<\/a>. Cette ma\u00eetrise est incarn\u00e9e par des marques phares comme\u00a0<strong><a href=\"https:\/\/ravoire.fr\/Boutique\/content\/14-l-univers-manon\"><i>Manon<\/i><\/a><\/strong>\u00a0et\u00a0<strong><a href=\"https:\/\/ravoire.fr\/Boutique\/content\/11-gamme-maison-ravoire\"><i>Maison Ravoire<\/i><\/a><\/strong>, qui jouissent d&rsquo;une r\u00e9putation d&rsquo;excellence tant en France qu&rsquo;\u00e0 l&rsquo;international.<\/p><p>La marque\u00a0<i>Manon<\/i>, v\u00e9ritable ic\u00f4ne proven\u00e7ale, propose deux cuv\u00e9es embl\u00e9matiques : un ros\u00e9 et un blanc sous l&rsquo;appellation C\u00f4tes de Provence. Depuis la cr\u00e9ation de la soci\u00e9t\u00e9, Manon symbolise l&rsquo;authenticit\u00e9 et la passion de Famille Ravoire pour les vins de Provence.<\/p><p>Maison Ravoire, quant \u00e0 elle, offre une gamme diversifi\u00e9e de vins de la Vall\u00e9e du Rh\u00f4ne, couvrant des appellations prestigieuses telles que Ch\u00e2teauneuf-du-Pape et Crozes-Hermitage. Chaque bouteille refl\u00e8te l&rsquo;engagement de la maison \u00e0 produire des vins de qualit\u00e9 sup\u00e9rieure, issus des meilleurs terroirs.<\/p>\t\t\t\t\t\t\t\t<\/div>\n\t\t\t\t<\/div>\n\t\t\t\t\t<\/div>\n\t\t<\/div>\n\t\t\t\t\t<\/div>\n\t\t<\/section>\n\t\t\t\t<section class=\"elementor-section elementor-top-section elementor-element elementor-element-6673c8b elementor-section-boxed elementor-section-height-default elementor-section-height-default qodef-elementor-content-no\" data-id=\"6673c8b\" data-element_type=\"section\">\n\t\t\t\t\t\t<div class=\"elementor-container elementor-column-gap-default\">\n\t\t\t\t\t<div class=\"elementor-column elementor-col-100 elementor-top-column elementor-element elementor-element-86da674\" data-id=\"86da674\" data-element_type=\"column\">\n\t\t\t<div class=\"elementor-widget-wrap elementor-element-populated\">\n\t\t\t\t\t\t<div class=\"elementor-element elementor-element-b0fec27 elementor-widget elementor-widget-heading\" data-id=\"b0fec27\" data-element_type=\"widget\" data-widget_type=\"heading.default\">\n\t\t\t\t<div class=\"elementor-widget-container\">\n\t\t\t\t\t<h2 class=\"elementor-heading-title elementor-size-default\">Vers un avenir durable et digital<\/h2>\t\t\t\t<\/div>\n\t\t\t\t<\/div>\n\t\t\t\t\t<\/div>\n\t\t<\/div>\n\t\t\t\t\t<\/div>\n\t\t<\/section>\n\t\t\t\t<section class=\"elementor-section elementor-top-section elementor-element elementor-element-5e62943 elementor-section-boxed elementor-section-height-default elementor-section-height-default qodef-elementor-content-no\" data-id=\"5e62943\" data-element_type=\"section\">\n\t\t\t\t\t\t<div class=\"elementor-container elementor-column-gap-default\">\n\t\t\t\t\t<div class=\"elementor-column elementor-col-100 elementor-top-column elementor-element elementor-element-ef9bce8\" data-id=\"ef9bce8\" data-element_type=\"column\">\n\t\t\t<div class=\"elementor-widget-wrap elementor-element-populated\">\n\t\t\t\t\t\t<div class=\"elementor-element elementor-element-c277236 elementor-widget elementor-widget-text-editor\" data-id=\"c277236\" data-element_type=\"widget\" data-widget_type=\"text-editor.default\">\n\t\t\t\t<div class=\"elementor-widget-container\">\n\t\t\t\t\t\t\t\t\t<p>L&rsquo;innovation est au c\u0153ur des pr\u00e9occupations de la Famille Ravoire. Consciente de son impact environnemental, l&rsquo;entreprise a lanc\u00e9 des initiatives pour le r\u00e9emploi des bouteilles en verre, remettant au go\u00fbt du jour la consigne. \u00ab\u00a0<i>Lors de la r\u00e9alisation de notre bilan carbone, nous avons constat\u00e9 que la production de bouteilles \u00e9tait une des principales sources de nos \u00e9missions de CO2. Depuis 2019, nous collaborons avec les autorit\u00e9s publiques et nos confr\u00e8res pour reconstruire un maillage autour du r\u00e9emploi en France\u00a0<\/i>\u00bb explique Alexandra Parfus.<\/p><p>Parall\u00e8lement, Famille Ravoire investit dans l&rsquo;IA pour renforcer sa pr\u00e9sence num\u00e9rique. Depuis d\u00e9but 2024, la maison a introduit une \u00e9g\u00e9rie artificielle pour la marque Manon. Cette jeune femme virtuelle, capable de parler toutes les langues, permet \u00e0 l&rsquo;entreprise de se connecter avec de nouveaux publics sur des plateformes comme TikTok, tout en offrant une exp\u00e9rience de marque immersive et internationale.<\/p>\t\t\t\t\t\t\t\t<\/div>\n\t\t\t\t<\/div>\n\t\t\t\t\t<\/div>\n\t\t<\/div>\n\t\t\t\t\t<\/div>\n\t\t<\/section>\n\t\t\t\t<section class=\"elementor-section elementor-top-section elementor-element elementor-element-ffd68d8 elementor-section-boxed elementor-section-height-default elementor-section-height-default qodef-elementor-content-no\" data-id=\"ffd68d8\" data-element_type=\"section\">\n\t\t\t\t\t\t<div class=\"elementor-container elementor-column-gap-default\">\n\t\t\t\t\t<div class=\"elementor-column elementor-col-100 elementor-top-column elementor-element elementor-element-e3df5d1\" data-id=\"e3df5d1\" data-element_type=\"column\">\n\t\t\t<div class=\"elementor-widget-wrap elementor-element-populated\">\n\t\t\t\t\t\t<div class=\"elementor-element elementor-element-e39eaa4 elementor-widget elementor-widget-heading\" data-id=\"e39eaa4\" data-element_type=\"widget\" data-widget_type=\"heading.default\">\n\t\t\t\t<div class=\"elementor-widget-container\">\n\t\t\t\t\t<h2 class=\"elementor-heading-title elementor-size-default\">Diversification : une nouvelle aventure dans la brasserie<\/h2>\t\t\t\t<\/div>\n\t\t\t\t<\/div>\n\t\t\t\t\t<\/div>\n\t\t<\/div>\n\t\t\t\t\t<\/div>\n\t\t<\/section>\n\t\t\t\t<section class=\"elementor-section elementor-top-section elementor-element elementor-element-a8a9793 elementor-section-boxed elementor-section-height-default elementor-section-height-default qodef-elementor-content-no\" data-id=\"a8a9793\" data-element_type=\"section\">\n\t\t\t\t\t\t<div class=\"elementor-container elementor-column-gap-default\">\n\t\t\t\t\t<div class=\"elementor-column elementor-col-100 elementor-top-column elementor-element elementor-element-5b2ef64\" data-id=\"5b2ef64\" data-element_type=\"column\">\n\t\t\t<div class=\"elementor-widget-wrap elementor-element-populated\">\n\t\t\t\t\t\t<div class=\"elementor-element elementor-element-30a63bc elementor-widget elementor-widget-text-editor\" data-id=\"30a63bc\" data-element_type=\"widget\" data-widget_type=\"text-editor.default\">\n\t\t\t\t<div class=\"elementor-widget-container\">\n\t\t\t\t\t\t\t\t\t<p>Toujours en qu\u00eate de diversification, Famille Ravoire s&rsquo;aventure d\u00e9sormais dans le secteur de la bi\u00e8re. En novembre prochain, la maison inaugurera sa propre brasserie \u00e0 Salon-de-Provence. \u00ab N<i>otre \u0153nologue s&rsquo;est form\u00e9 pour devenir brasseur de bi\u00e8re. Les travaux sont en cours sur le site\u00a0<\/i>\u00bb annonce fi\u00e8rement la direction. Cette initiative t\u00e9moigne de la volont\u00e9 de l&rsquo;entreprise d&rsquo;\u00e9largir ses horizons et d&rsquo;explorer de nouveaux march\u00e9s.<\/p><div class=\"BeOpVSlot\">\u00a0<\/div><div class=\"BeOpWidget-598541d2-0944-4894-b430-f82d0c0b42cd\" data-name=\"inread\"><div id=\"beop_d7510c90-cb52-49dc-915d-448581c0c535\" class=\"BeOpContainer\"><div class=\"BeOpTarget\"><div><div><div>\u00a0<\/div><\/div><\/div><\/div><\/div><\/div><p><i>Ce contenu a \u00e9t\u00e9 r\u00e9alis\u00e9 en partenariat avec OpenMedias. La r\u00e9daction de BFM Business n&rsquo;a pas particip\u00e9 \u00e0 la r\u00e9alisation de ce contenu.<\/i><\/p><div id=\"block_signature_parent\" class=\"block_signature_parent\"><div class=\"block_signature signature_marque\"><div class=\"author_wrapper\"><span class=\"author_name\">En partenariat avec OpenMedias<\/span><\/div><div class=\"author_wrapper\"><span class=\"author_name\">\u00a0<\/span><\/div><div class=\"author_wrapper\"><span class=\"author_name\"><strong><a href=\"https:\/\/www.bfmtv.com\/economie\/professionnels\/focus-entreprises\/famille-ravoire-tradition-et-innovation-au-coeur-des-vins-de-la-vallee-du-rhone-et-de-la-provence_AB-202406260024.html\">Famille Ravoire : tradition et innovation au coeur des vins de la Vall\u00e9e du Rh\u00f4ne et de la Provence (bfmtv.com)<\/a><\/strong><br \/><\/span><\/div><\/div><\/div>\t\t\t\t\t\t\t\t<\/div>\n\t\t\t\t<\/div>\n\t\t\t\t\t<\/div>\n\t\t<\/div>\n\t\t\t\t\t<\/div>\n\t\t<\/section>\n\t\t\t\t<section class=\"elementor-section elementor-top-section elementor-element elementor-element-88f3c4c elementor-section-boxed elementor-section-height-default elementor-section-height-default qodef-elementor-content-no\" data-id=\"88f3c4c\" data-element_type=\"section\">\n\t\t\t\t\t\t<div class=\"elementor-container elementor-column-gap-default\">\n\t\t\t\t\t<div class=\"elementor-column elementor-col-100 elementor-top-column elementor-element elementor-element-b0466fc\" data-id=\"b0466fc\" data-element_type=\"column\">\n\t\t\t<div class=\"elementor-widget-wrap elementor-element-populated\">\n\t\t\t\t\t\t<div class=\"elementor-element elementor-element-a02b132 elementor-widget-divider--view-line elementor-widget elementor-widget-divider\" data-id=\"a02b132\" data-element_type=\"widget\" data-widget_type=\"divider.default\">\n\t\t\t\t<div class=\"elementor-widget-container\">\n\t\t\t\t\t\t\t<div class=\"elementor-divider\">\n\t\t\t<span class=\"elementor-divider-separator\">\n\t\t\t\t\t\t<\/span>\n\t\t<\/div>\n\t\t\t\t\t\t<\/div>\n\t\t\t\t<\/div>\n\t\t\t\t<div class=\"elementor-element elementor-element-b1c0bfa elementor-widget elementor-widget-text-editor\" data-id=\"b1c0bfa\" data-element_type=\"widget\" data-widget_type=\"text-editor.default\">\n\t\t\t\t<div class=\"elementor-widget-container\">\n\t\t\t\t\t\t\t\t\t<p>L&rsquo;abus d&rsquo;alcool est dangereux pour la sant\u00e9, \u00e0 consommer avec mod\u00e9ration.\u00a0<\/p>\t\t\t\t\t\t\t\t<\/div>\n\t\t\t\t<\/div>\n\t\t\t\t\t<\/div>\n\t\t<\/div>\n\t\t\t\t\t<\/div>\n\t\t<\/section>\n\t\t\t\t<\/div>\n\t\t","protected":false},"excerpt":{"rendered":"<p>La Famille Ravoire, une entreprise familiale ind\u00e9pendante, se distingue depuis des g\u00e9n\u00e9rations par son savoir-faire exceptionnel dans la production de vins de la Vall\u00e9e du Rh\u00f4ne et de la Provence. Bas\u00e9e \u00e0 Salon-de-Provence, la Famille Ravoire incarne des valeurs d&rsquo;humilit\u00e9 et d&rsquo;audace, tout en pla\u00e7ant l&rsquo;humain et l&rsquo;environnement au c\u0153ur de sa philosophie. https:\/\/youtu.be\/c92gOk9XIOc Un [&hellip;]<\/p>\n","protected":false},"author":6,"featured_media":11785,"comment_status":"closed","ping_status":"closed","sticky":false,"template":"","format":"standard","meta":{"_vp_format_video_url":"","_vp_image_focal_point":[],"footnotes":""},"categories":[3],"tags":[359,15,214,82,16],"class_list":["post-11784","post","type-post","status-publish","format-standard","has-post-thumbnail","hentry","category-revues-de-presse","tag-bfm","tag-famille-ravoire","tag-presse","tag-provence","tag-vallee-du-rhone"],"_links":{"self":[{"href":"https:\/\/ravoire.fr\/blog\/wp-json\/wp\/v2\/posts\/11784","targetHints":{"allow":["GET"]}}],"collection":[{"href":"https:\/\/ravoire.fr\/blog\/wp-json\/wp\/v2\/posts"}],"about":[{"href":"https:\/\/ravoire.fr\/blog\/wp-json\/wp\/v2\/types\/post"}],"author":[{"embeddable":true,"href":"https:\/\/ravoire.fr\/blog\/wp-json\/wp\/v2\/users\/6"}],"replies":[{"embeddable":true,"href":"https:\/\/ravoire.fr\/blog\/wp-json\/wp\/v2\/comments?post=11784"}],"version-history":[{"count":13,"href":"https:\/\/ravoire.fr\/blog\/wp-json\/wp\/v2\/posts\/11784\/revisions"}],"predecessor-version":[{"id":11798,"href":"https:\/\/ravoire.fr\/blog\/wp-json\/wp\/v2\/posts\/11784\/revisions\/11798"}],"wp:featuredmedia":[{"embeddable":true,"href":"https:\/\/ravoire.fr\/blog\/wp-json\/wp\/v2\/media\/11785"}],"wp:attachment":[{"href":"https:\/\/ravoire.fr\/blog\/wp-json\/wp\/v2\/media?parent=11784"}],"wp:term":[{"taxonomy":"category","embeddable":true,"href":"https:\/\/ravoire.fr\/blog\/wp-json\/wp\/v2\/categories?post=11784"},{"taxonomy":"post_tag","embeddable":true,"href":"https:\/\/ravoire.fr\/blog\/wp-json\/wp\/v2\/tags?post=11784"}],"curies":[{"name":"wp","href":"https:\/\/api.w.org\/{rel}","templated":true}]}}