{"id":11569,"date":"2024-05-31T09:00:00","date_gmt":"2024-05-31T07:00:00","guid":{"rendered":"https:\/\/ravoire.fr\/blog\/?p=11569"},"modified":"2024-05-31T11:57:53","modified_gmt":"2024-05-31T09:57:53","slug":"la-recette-du-mois-salade-summer-nectarine","status":"publish","type":"post","link":"https:\/\/ravoire.fr\/blog\/la-recette-du-mois-salade-summer-nectarine\/","title":{"rendered":"La recette du mois &#8211; Salade Summer Nectarine"},"content":{"rendered":"\t\t<div data-elementor-type=\"wp-post\" data-elementor-id=\"11569\" class=\"elementor elementor-11569\">\n\t\t\t\t\t\t<section class=\"elementor-section elementor-top-section elementor-element elementor-element-0b862a3 elementor-section-boxed elementor-section-height-default elementor-section-height-default qodef-elementor-content-no\" data-id=\"0b862a3\" data-element_type=\"section\">\n\t\t\t\t\t\t<div class=\"elementor-container elementor-column-gap-default\">\n\t\t\t\t\t<div class=\"elementor-column elementor-col-100 elementor-top-column elementor-element elementor-element-9088bf6\" data-id=\"9088bf6\" data-element_type=\"column\">\n\t\t\t<div class=\"elementor-widget-wrap elementor-element-populated\">\n\t\t\t\t\t\t<div class=\"elementor-element elementor-element-9839a36 elementor-widget elementor-widget-text-editor\" data-id=\"9839a36\" data-element_type=\"widget\" data-widget_type=\"text-editor.default\">\n\t\t\t\t<div class=\"elementor-widget-container\">\n\t\t\t\t\t\t\t\t\t<p>L&rsquo;\u00e9t\u00e9 est bient\u00f4t l\u00e0, et avec lui, l&rsquo;envie de repas frais et l\u00e9gers. Alors pour vous donner un avant-go\u00fbt de l\u2019\u00e9t\u00e9, que diriez-vous d&rsquo;une salade qui allie douceur des fruits et fra\u00eecheur des l\u00e9gumes ? Aujourd&rsquo;hui, nous vous proposons une recette irr\u00e9sistible : la Salade Summer Nectarine. Facile \u00e0 pr\u00e9parer, elle est id\u00e9ale pour vos d\u00e9jeuners ensoleill\u00e9s ou vos d\u00eeners l\u00e9gers.<\/p>\t\t\t\t\t\t\t\t<\/div>\n\t\t\t\t<\/div>\n\t\t\t\t\t<\/div>\n\t\t<\/div>\n\t\t\t\t\t<\/div>\n\t\t<\/section>\n\t\t\t\t<section class=\"elementor-section elementor-top-section elementor-element elementor-element-ac96842 elementor-section-boxed elementor-section-height-default elementor-section-height-default qodef-elementor-content-no\" data-id=\"ac96842\" data-element_type=\"section\">\n\t\t\t\t\t\t<div class=\"elementor-container elementor-column-gap-default\">\n\t\t\t\t\t<div class=\"elementor-column elementor-col-100 elementor-top-column elementor-element elementor-element-ace20e4\" data-id=\"ace20e4\" data-element_type=\"column\">\n\t\t\t<div class=\"elementor-widget-wrap elementor-element-populated\">\n\t\t\t\t\t\t<div class=\"elementor-element elementor-element-64a5f94 elementor-widget elementor-widget-text-editor\" data-id=\"64a5f94\" data-element_type=\"widget\" data-widget_type=\"text-editor.default\">\n\t\t\t\t<div class=\"elementor-widget-container\">\n\t\t\t\t\t\t\t\t\t<h6>4 personnes \u2013 15 minutes<\/h6>\t\t\t\t\t\t\t\t<\/div>\n\t\t\t\t<\/div>\n\t\t\t\t\t<\/div>\n\t\t<\/div>\n\t\t\t\t\t<\/div>\n\t\t<\/section>\n\t\t\t\t<section class=\"elementor-section elementor-top-section elementor-element elementor-element-5a72c20 elementor-section-boxed elementor-section-height-default elementor-section-height-default qodef-elementor-content-no\" data-id=\"5a72c20\" data-element_type=\"section\">\n\t\t\t\t\t\t<div class=\"elementor-container elementor-column-gap-default\">\n\t\t\t\t\t<div class=\"elementor-column elementor-col-100 elementor-top-column elementor-element elementor-element-4b1ef83\" data-id=\"4b1ef83\" data-element_type=\"column\">\n\t\t\t<div class=\"elementor-widget-wrap elementor-element-populated\">\n\t\t\t\t\t\t<div class=\"elementor-element elementor-element-9201871 elementor-widget elementor-widget-text-editor\" data-id=\"9201871\" data-element_type=\"widget\" data-widget_type=\"text-editor.default\">\n\t\t\t\t<div class=\"elementor-widget-container\">\n\t\t\t\t\t\t\t\t\t<h4>Ingr\u00e9dients\u00a0:<\/h4><ul><li>3 nectarines<\/li><li>1,5 Kg de tomates (rouges, jaunes et noires)<\/li><li>1 burrata<\/li><li>Salade verte<\/li><li>\u00bd Oignon<\/li><li>Jambon cru<\/li><li>Quelques feuilles de basilic frais<\/li><\/ul><p>\u00a0<\/p><p>Pour la vinaigrette\u00a0:<\/p><ul><li>4 cuill\u00e8res \u00e0 soupe d\u2019huile d\u2019olive<\/li><li>2 cuill\u00e8res \u00e0 soupe de vinaigre balsamique<\/li><li>1 cuill\u00e8re \u00e0 caf\u00e9 de moutarde<\/li><li>Sel et poivre<\/li><\/ul>\t\t\t\t\t\t\t\t<\/div>\n\t\t\t\t<\/div>\n\t\t\t\t\t<\/div>\n\t\t<\/div>\n\t\t\t\t\t<\/div>\n\t\t<\/section>\n\t\t\t\t<section class=\"elementor-section elementor-top-section elementor-element elementor-element-8db8900 elementor-section-boxed elementor-section-height-default elementor-section-height-default qodef-elementor-content-no\" data-id=\"8db8900\" data-element_type=\"section\">\n\t\t\t\t\t\t<div class=\"elementor-container elementor-column-gap-default\">\n\t\t\t\t\t<div class=\"elementor-column elementor-col-100 elementor-top-column elementor-element elementor-element-1fabab7\" data-id=\"1fabab7\" data-element_type=\"column\">\n\t\t\t<div class=\"elementor-widget-wrap elementor-element-populated\">\n\t\t\t\t\t\t<div class=\"elementor-element elementor-element-d6d7ed3 elementor-widget elementor-widget-text-editor\" data-id=\"d6d7ed3\" data-element_type=\"widget\" data-widget_type=\"text-editor.default\">\n\t\t\t\t<div class=\"elementor-widget-container\">\n\t\t\t\t\t\t\t\t\t<h4>Pr\u00e9paration\u00a0:<\/h4><ol><li>Commencez par pr\u00e9parer la vinaigrette. Dans un petit bol, m\u00e9langez la moutarde, le sel, le poivre et le vinaigre, puis rajoutez l\u2019huile d\u2019olive. Fouettez bien pour obtenir une \u00e9mulsion homog\u00e8ne. R\u00e9servez.<\/li><\/ol><p>2.Faites \u00e9goutter la burrata. Pendant ce temps, rincez la salade, les tomates, puis coupez-les en quartiers et\/ou en morceaux. Emincez l\u2019oignon puis lavez le basilic.<\/p><p>3. Disposez la salade, les tomates, les oignons et la burrata sur un plat. Rincez les nectarines et coupez-les en quartiers. Huilez le barbecue ou la plancha, puis saisissez les nectarines quelques minutes de chaque c\u00f4t\u00e9.<\/p><p>4. Ajoutez les nectarines grill\u00e9es \u00e0 la salade.<\/p><p>5. Ajoutez la vinaigrette sur la salade, ainsi que le basilic frais et le jambon et servez imm\u00e9diatement.<\/p>\t\t\t\t\t\t\t\t<\/div>\n\t\t\t\t<\/div>\n\t\t\t\t\t<\/div>\n\t\t<\/div>\n\t\t\t\t\t<\/div>\n\t\t<\/section>\n\t\t\t\t<section class=\"elementor-section elementor-top-section elementor-element elementor-element-36bd554 elementor-section-boxed elementor-section-height-default elementor-section-height-default qodef-elementor-content-no\" data-id=\"36bd554\" data-element_type=\"section\">\n\t\t\t\t\t\t<div class=\"elementor-container elementor-column-gap-default\">\n\t\t\t\t\t<div class=\"elementor-column elementor-col-100 elementor-top-column elementor-element elementor-element-119d340\" data-id=\"119d340\" data-element_type=\"column\">\n\t\t\t<div class=\"elementor-widget-wrap elementor-element-populated\">\n\t\t\t\t\t\t<div class=\"elementor-element elementor-element-b9113fb elementor-widget elementor-widget-text-editor\" data-id=\"b9113fb\" data-element_type=\"widget\" data-widget_type=\"text-editor.default\">\n\t\t\t\t<div class=\"elementor-widget-container\">\n\t\t\t\t\t\t\t\t\t<h4>Accord mets-vins\u00a0:<\/h4><ul><li>Un C\u00f4tes du Rh\u00f4ne Blanc, avec ses notes de fruits \u00e0 chair blanche et son acidit\u00e9 \u00e9quilibr\u00e9e, s&rsquo;accorde parfaitement avec la Salade Summer Nectarine. Pour cela nous proposons le<strong><a href=\"https:\/\/ravoire.fr\/Boutique\/gamme-maison-ravoire\/29-59-gamme-maison-ravoire-maison-ravoire-aop-cotes-du-rhone-blanc.html#\/26-quantite-a_l_unite\"> C\u00f4tes du Rh\u00f4ne de la gamme Maison Ravoire.<\/a><\/strong><\/li><li>Notre<strong><a href=\"https:\/\/ravoire.fr\/Boutique\/autres-cuvees-de-provence\/48-97-autres-cuvees-de-provence-chanrose-aop-cotes-de-provence-rose.html#\/26-quantite-a_l_unite\"> Chanrose AOP C\u00f4tes de Provence Ros\u00e9<\/a><\/strong> est un choix parfait pour accompagner cette salade estivale. Ses ar\u00f4mes fruit\u00e9s de fruits rouges et de fruits \u00e0 chair blanche se marient merveilleusement avec la douceur des nectarines et la fra\u00eecheur de la roquette.<\/li><li>Les vins <strong><a href=\"https:\/\/ravoire.fr\/Boutique\/gamme-manon\/44-89-gamme-manon-manon-aop-cotes-de-provence-rose.html#\/26-quantite-a_l_unite\">ros\u00e9<\/a><\/strong> et <strong><a href=\"https:\/\/ravoire.fr\/Boutique\/gamme-manon\/120-166-gamme-manon-manon-aop-cotes-de-provence-blanc.html#\/26-quantite-a_l_unite\">blanc<\/a><\/strong> Manon AOP C\u00f4tes de Provence s\u2019associent parfaitement avec les ar\u00f4mes de cette salade, cr\u00e9ant un \u00e9quilibre parfait entre les saveurs d\u00e9licates et rafraichissantes du plat.\u00a0<\/li><\/ul>\t\t\t\t\t\t\t\t<\/div>\n\t\t\t\t<\/div>\n\t\t\t\t\t<\/div>\n\t\t<\/div>\n\t\t\t\t\t<\/div>\n\t\t<\/section>\n\t\t\t\t<section class=\"elementor-section elementor-top-section elementor-element elementor-element-9153d2e elementor-section-boxed elementor-section-height-default elementor-section-height-default qodef-elementor-content-no\" data-id=\"9153d2e\" data-element_type=\"section\">\n\t\t\t\t\t\t<div class=\"elementor-container elementor-column-gap-default\">\n\t\t\t\t\t<div class=\"elementor-column elementor-col-100 elementor-top-column elementor-element elementor-element-11981ef\" data-id=\"11981ef\" data-element_type=\"column\">\n\t\t\t<div class=\"elementor-widget-wrap elementor-element-populated\">\n\t\t\t\t\t\t<div class=\"elementor-element elementor-element-f7b5cd9 elementor-widget elementor-widget-spacer\" data-id=\"f7b5cd9\" data-element_type=\"widget\" data-widget_type=\"spacer.default\">\n\t\t\t\t<div class=\"elementor-widget-container\">\n\t\t\t\t\t\t\t<div class=\"elementor-spacer\">\n\t\t\t<div class=\"elementor-spacer-inner\"><\/div>\n\t\t<\/div>\n\t\t\t\t\t\t<\/div>\n\t\t\t\t<\/div>\n\t\t\t\t<div class=\"elementor-element elementor-element-7fdef93 elementor-align-center elementor-widget elementor-widget-button\" data-id=\"7fdef93\" data-element_type=\"widget\" data-widget_type=\"button.default\">\n\t\t\t\t<div class=\"elementor-widget-container\">\n\t\t\t\t\t\t\t\t\t<div class=\"elementor-button-wrapper\">\n\t\t\t\t\t<a class=\"elementor-button elementor-button-link elementor-size-sm\" href=\"https:\/\/ravoire.fr\/Boutique\/\">\n\t\t\t\t\t\t<span class=\"elementor-button-content-wrapper\">\n\t\t\t\t\t\t\t\t\t<span class=\"elementor-button-text\">BOUTIQUE EN LIGNE<\/span>\n\t\t\t\t\t<\/span>\n\t\t\t\t\t<\/a>\n\t\t\t\t<\/div>\n\t\t\t\t\t\t\t\t<\/div>\n\t\t\t\t<\/div>\n\t\t\t\t\t<\/div>\n\t\t<\/div>\n\t\t\t\t\t<\/div>\n\t\t<\/section>\n\t\t\t\t<section class=\"elementor-section elementor-top-section elementor-element elementor-element-254911c elementor-section-boxed elementor-section-height-default elementor-section-height-default qodef-elementor-content-no\" data-id=\"254911c\" data-element_type=\"section\">\n\t\t\t\t\t\t<div class=\"elementor-container elementor-column-gap-default\">\n\t\t\t\t\t<div class=\"elementor-column elementor-col-100 elementor-top-column elementor-element elementor-element-52951d6\" data-id=\"52951d6\" data-element_type=\"column\">\n\t\t\t<div class=\"elementor-widget-wrap elementor-element-populated\">\n\t\t\t\t\t\t<div class=\"elementor-element elementor-element-85a6b6a elementor-widget-divider--view-line elementor-widget elementor-widget-divider\" data-id=\"85a6b6a\" data-element_type=\"widget\" data-widget_type=\"divider.default\">\n\t\t\t\t<div class=\"elementor-widget-container\">\n\t\t\t\t\t\t\t<div class=\"elementor-divider\">\n\t\t\t<span class=\"elementor-divider-separator\">\n\t\t\t\t\t\t<\/span>\n\t\t<\/div>\n\t\t\t\t\t\t<\/div>\n\t\t\t\t<\/div>\n\t\t\t\t\t<\/div>\n\t\t<\/div>\n\t\t\t\t\t<\/div>\n\t\t<\/section>\n\t\t\t\t<section class=\"elementor-section elementor-top-section elementor-element elementor-element-57f3bf4 elementor-section-boxed elementor-section-height-default elementor-section-height-default qodef-elementor-content-no\" data-id=\"57f3bf4\" data-element_type=\"section\">\n\t\t\t\t\t\t<div class=\"elementor-container elementor-column-gap-default\">\n\t\t\t\t\t<div class=\"elementor-column elementor-col-100 elementor-top-column elementor-element elementor-element-9a748ce\" data-id=\"9a748ce\" data-element_type=\"column\">\n\t\t\t<div class=\"elementor-widget-wrap elementor-element-populated\">\n\t\t\t\t\t\t<div class=\"elementor-element elementor-element-a1f48e0 elementor-widget elementor-widget-text-editor\" data-id=\"a1f48e0\" data-element_type=\"widget\" data-widget_type=\"text-editor.default\">\n\t\t\t\t<div class=\"elementor-widget-container\">\n\t\t\t\t\t\t\t\t\t<p>L&rsquo;abus d&rsquo;alcool est dangereux pour la sant\u00e9, \u00e0 consommer avec mod\u00e9ration.<\/p>\t\t\t\t\t\t\t\t<\/div>\n\t\t\t\t<\/div>\n\t\t\t\t\t<\/div>\n\t\t<\/div>\n\t\t\t\t\t<\/div>\n\t\t<\/section>\n\t\t\t\t<\/div>\n\t\t","protected":false},"excerpt":{"rendered":"<p>L&rsquo;\u00e9t\u00e9 est bient\u00f4t l\u00e0, et avec lui, l&rsquo;envie de repas frais et l\u00e9gers. Alors pour vous donner un avant-go\u00fbt de l\u2019\u00e9t\u00e9, que diriez-vous d&rsquo;une salade qui allie douceur des fruits et fra\u00eecheur des l\u00e9gumes ? Aujourd&rsquo;hui, nous vous proposons une recette irr\u00e9sistible : la Salade Summer Nectarine. Facile \u00e0 pr\u00e9parer, elle est id\u00e9ale pour vos [&hellip;]<\/p>\n","protected":false},"author":6,"featured_media":11570,"comment_status":"closed","ping_status":"closed","sticky":false,"template":"","format":"standard","meta":{"_vp_format_video_url":"","_vp_image_focal_point":[],"footnotes":""},"categories":[263],"tags":[15,82,37,16,11],"class_list":["post-11569","post","type-post","status-publish","format-standard","has-post-thumbnail","hentry","category-recettes","tag-famille-ravoire","tag-provence","tag-recette","tag-vallee-du-rhone","tag-vin"],"_links":{"self":[{"href":"https:\/\/ravoire.fr\/blog\/wp-json\/wp\/v2\/posts\/11569","targetHints":{"allow":["GET"]}}],"collection":[{"href":"https:\/\/ravoire.fr\/blog\/wp-json\/wp\/v2\/posts"}],"about":[{"href":"https:\/\/ravoire.fr\/blog\/wp-json\/wp\/v2\/types\/post"}],"author":[{"embeddable":true,"href":"https:\/\/ravoire.fr\/blog\/wp-json\/wp\/v2\/users\/6"}],"replies":[{"embeddable":true,"href":"https:\/\/ravoire.fr\/blog\/wp-json\/wp\/v2\/comments?post=11569"}],"version-history":[{"count":22,"href":"https:\/\/ravoire.fr\/blog\/wp-json\/wp\/v2\/posts\/11569\/revisions"}],"predecessor-version":[{"id":11592,"href":"https:\/\/ravoire.fr\/blog\/wp-json\/wp\/v2\/posts\/11569\/revisions\/11592"}],"wp:featuredmedia":[{"embeddable":true,"href":"https:\/\/ravoire.fr\/blog\/wp-json\/wp\/v2\/media\/11570"}],"wp:attachment":[{"href":"https:\/\/ravoire.fr\/blog\/wp-json\/wp\/v2\/media?parent=11569"}],"wp:term":[{"taxonomy":"category","embeddable":true,"href":"https:\/\/ravoire.fr\/blog\/wp-json\/wp\/v2\/categories?post=11569"},{"taxonomy":"post_tag","embeddable":true,"href":"https:\/\/ravoire.fr\/blog\/wp-json\/wp\/v2\/tags?post=11569"}],"curies":[{"name":"wp","href":"https:\/\/api.w.org\/{rel}","templated":true}]}}