{"id":10653,"date":"2024-02-12T09:00:00","date_gmt":"2024-02-12T08:00:00","guid":{"rendered":"https:\/\/ravoire.fr\/blog\/?p=10653"},"modified":"2024-02-12T16:57:20","modified_gmt":"2024-02-12T15:57:20","slug":"edition-limitee-manon-printemps-ete-2024","status":"publish","type":"post","link":"https:\/\/ravoire.fr\/blog\/edition-limitee-manon-printemps-ete-2024\/","title":{"rendered":"\u00c9dition Limit\u00e9e Manon &#8211; Printemps\/\u00c9t\u00e9 2024"},"content":{"rendered":"\t\t<div data-elementor-type=\"wp-post\" data-elementor-id=\"10653\" class=\"elementor elementor-10653\">\n\t\t\t\t\t\t<section class=\"elementor-section elementor-top-section elementor-element elementor-element-edbad89 elementor-section-boxed elementor-section-height-default elementor-section-height-default qodef-elementor-content-no\" data-id=\"edbad89\" data-element_type=\"section\">\n\t\t\t\t\t\t<div class=\"elementor-container elementor-column-gap-default\">\n\t\t\t\t\t<div class=\"elementor-column elementor-col-100 elementor-top-column elementor-element elementor-element-145338f\" data-id=\"145338f\" data-element_type=\"column\">\n\t\t\t<div class=\"elementor-widget-wrap elementor-element-populated\">\n\t\t\t\t\t\t<div class=\"elementor-element elementor-element-59a2beb elementor-drop-cap-yes elementor-drop-cap-view-default elementor-widget elementor-widget-text-editor\" data-id=\"59a2beb\" data-element_type=\"widget\" data-settings=\"{&quot;drop_cap&quot;:&quot;yes&quot;}\" data-widget_type=\"text-editor.default\">\n\t\t\t\t<div class=\"elementor-widget-container\">\n\t\t\t\t\t\t\t\t\t<p>N\u00e9e au coeur des C\u00f4tes de Provence,\u00a0<strong><a href=\"https:\/\/ravoire.fr\/Boutique\/content\/14-l-univers-manon\" target=\"_blank\" rel=\"noopener\">Manon<\/a>\u00a0<\/strong>est issue d\u2019une s\u00e9lection des meilleures parcelles de l\u2019appellation. Son embl\u00e8me, l\u2019olivier, rappelle son terroir de pr\u00e9dilection, entre mer et terre, au milieu des paysages m\u00e9diterran\u00e9ens.<\/p><p>L\u2019assemblage et l\u2019\u00e9levage de Manon sont r\u00e9alis\u00e9s par nos \u00e9quipes avec le souci permanent d\u2019illustrer la typicit\u00e9 et l\u2019authenticit\u00e9 du terroir dont sont issus les raisins. Ce travail d\u2019orf\u00e8vre est orchestr\u00e9 par notre oenologue Pierre Vieillescazes.<\/p>\t\t\t\t\t\t\t\t<\/div>\n\t\t\t\t<\/div>\n\t\t\t\t<div class=\"elementor-element elementor-element-c8c383e elementor-widget elementor-widget-spacer\" data-id=\"c8c383e\" data-element_type=\"widget\" data-widget_type=\"spacer.default\">\n\t\t\t\t<div class=\"elementor-widget-container\">\n\t\t\t\t\t\t\t<div class=\"elementor-spacer\">\n\t\t\t<div class=\"elementor-spacer-inner\"><\/div>\n\t\t<\/div>\n\t\t\t\t\t\t<\/div>\n\t\t\t\t<\/div>\n\t\t\t\t\t<\/div>\n\t\t<\/div>\n\t\t\t\t\t<\/div>\n\t\t<\/section>\n\t\t\t\t<section class=\"elementor-section elementor-top-section elementor-element elementor-element-a96987f elementor-section-boxed elementor-section-height-default elementor-section-height-default qodef-elementor-content-no\" data-id=\"a96987f\" data-element_type=\"section\">\n\t\t\t\t\t\t<div class=\"elementor-container elementor-column-gap-default\">\n\t\t\t\t\t<div class=\"elementor-column elementor-col-50 elementor-top-column elementor-element elementor-element-488254a\" data-id=\"488254a\" data-element_type=\"column\">\n\t\t\t<div class=\"elementor-widget-wrap elementor-element-populated\">\n\t\t\t\t\t\t<div class=\"elementor-element elementor-element-06bfa70 elementor-widget elementor-widget-image\" data-id=\"06bfa70\" data-element_type=\"widget\" data-widget_type=\"image.default\">\n\t\t\t\t<div class=\"elementor-widget-container\">\n\t\t\t\t\t\t\t\t\t\t\t\t\t\t\t<img fetchpriority=\"high\" decoding=\"async\" width=\"683\" height=\"1024\" src=\"https:\/\/ravoire.fr\/blog\/wp-content\/uploads\/2024\/02\/Manon-Cotes-de-Provence-Edition-limitee-2024-2-683x1024.jpg\" class=\"attachment-large size-large wp-image-10657\" alt=\"\" srcset=\"https:\/\/ravoire.fr\/blog\/wp-content\/uploads\/2024\/02\/Manon-Cotes-de-Provence-Edition-limitee-2024-2-683x1024.jpg 683w, https:\/\/ravoire.fr\/blog\/wp-content\/uploads\/2024\/02\/Manon-Cotes-de-Provence-Edition-limitee-2024-2-200x300.jpg 200w, https:\/\/ravoire.fr\/blog\/wp-content\/uploads\/2024\/02\/Manon-Cotes-de-Provence-Edition-limitee-2024-2-768x1151.jpg 768w, https:\/\/ravoire.fr\/blog\/wp-content\/uploads\/2024\/02\/Manon-Cotes-de-Provence-Edition-limitee-2024-2-1025x1536.jpg 1025w, https:\/\/ravoire.fr\/blog\/wp-content\/uploads\/2024\/02\/Manon-Cotes-de-Provence-Edition-limitee-2024-2-500x749.jpg 500w, https:\/\/ravoire.fr\/blog\/wp-content\/uploads\/2024\/02\/Manon-Cotes-de-Provence-Edition-limitee-2024-2-800x1199.jpg 800w, https:\/\/ravoire.fr\/blog\/wp-content\/uploads\/2024\/02\/Manon-Cotes-de-Provence-Edition-limitee-2024-2.jpg 1281w\" sizes=\"(max-width: 683px) 100vw, 683px\" \/>\t\t\t\t\t\t\t\t\t\t\t\t\t\t\t<\/div>\n\t\t\t\t<\/div>\n\t\t\t\t\t<\/div>\n\t\t<\/div>\n\t\t\t\t<div class=\"elementor-column elementor-col-50 elementor-top-column elementor-element elementor-element-dda0f73\" data-id=\"dda0f73\" data-element_type=\"column\">\n\t\t\t<div class=\"elementor-widget-wrap elementor-element-populated\">\n\t\t\t\t\t\t<div class=\"elementor-element elementor-element-0c97a07 elementor-widget elementor-widget-image\" data-id=\"0c97a07\" data-element_type=\"widget\" data-widget_type=\"image.default\">\n\t\t\t\t<div class=\"elementor-widget-container\">\n\t\t\t\t\t\t\t\t\t\t\t\t\t\t\t<img decoding=\"async\" width=\"683\" height=\"1024\" src=\"https:\/\/ravoire.fr\/blog\/wp-content\/uploads\/2024\/02\/Manon-Cotes-de-Provence-Edition-limitee-2024-1-683x1024.jpg\" class=\"attachment-large size-large wp-image-10656\" alt=\"\" srcset=\"https:\/\/ravoire.fr\/blog\/wp-content\/uploads\/2024\/02\/Manon-Cotes-de-Provence-Edition-limitee-2024-1-683x1024.jpg 683w, https:\/\/ravoire.fr\/blog\/wp-content\/uploads\/2024\/02\/Manon-Cotes-de-Provence-Edition-limitee-2024-1-200x300.jpg 200w, https:\/\/ravoire.fr\/blog\/wp-content\/uploads\/2024\/02\/Manon-Cotes-de-Provence-Edition-limitee-2024-1-768x1151.jpg 768w, https:\/\/ravoire.fr\/blog\/wp-content\/uploads\/2024\/02\/Manon-Cotes-de-Provence-Edition-limitee-2024-1-1025x1536.jpg 1025w, https:\/\/ravoire.fr\/blog\/wp-content\/uploads\/2024\/02\/Manon-Cotes-de-Provence-Edition-limitee-2024-1-500x749.jpg 500w, https:\/\/ravoire.fr\/blog\/wp-content\/uploads\/2024\/02\/Manon-Cotes-de-Provence-Edition-limitee-2024-1-800x1199.jpg 800w, https:\/\/ravoire.fr\/blog\/wp-content\/uploads\/2024\/02\/Manon-Cotes-de-Provence-Edition-limitee-2024-1.jpg 1281w\" sizes=\"(max-width: 683px) 100vw, 683px\" \/>\t\t\t\t\t\t\t\t\t\t\t\t\t\t\t<\/div>\n\t\t\t\t<\/div>\n\t\t\t\t\t<\/div>\n\t\t<\/div>\n\t\t\t\t\t<\/div>\n\t\t<\/section>\n\t\t\t\t<section class=\"elementor-section elementor-top-section elementor-element elementor-element-56f6062 elementor-section-boxed elementor-section-height-default elementor-section-height-default qodef-elementor-content-no\" data-id=\"56f6062\" data-element_type=\"section\">\n\t\t\t\t\t\t<div class=\"elementor-container elementor-column-gap-default\">\n\t\t\t\t\t<div class=\"elementor-column elementor-col-100 elementor-top-column elementor-element elementor-element-bb8594a\" data-id=\"bb8594a\" data-element_type=\"column\">\n\t\t\t<div class=\"elementor-widget-wrap elementor-element-populated\">\n\t\t\t\t\t\t<div class=\"elementor-element elementor-element-364d9ec elementor-widget elementor-widget-text-editor\" data-id=\"364d9ec\" data-element_type=\"widget\" data-widget_type=\"text-editor.default\">\n\t\t\t\t<div class=\"elementor-widget-container\">\n\t\t\t\t\t\t\t\t\t<p>Sur le printemps \/ \u00e9t\u00e9 2024, Manon rev\u00eatira un habillage exclusif r\u00e9alis\u00e9 en s\u00e9rigraphie blanche sur l\u2019ensemble du contour de son \u00e9crin. Le graphisme imprim\u00e9, sobre et \u00e9l\u00e9gant, reprend les courbes caract\u00e9ristiques des massifs proven\u00e7aux en jouant sur la transparence du vin.<\/p><p><strong>Produite en \u00e9dition limit\u00e9e, la s\u00e9rie sera d\u00e9clin\u00e9e sur le blanc et le ros\u00e9 en format 75cl sur les march\u00e9s France et export.<\/strong><\/p>\t\t\t\t\t\t\t\t<\/div>\n\t\t\t\t<\/div>\n\t\t\t\t\t<\/div>\n\t\t<\/div>\n\t\t\t\t\t<\/div>\n\t\t<\/section>\n\t\t\t\t<section class=\"elementor-section elementor-top-section elementor-element elementor-element-e8f569b elementor-section-boxed elementor-section-height-default elementor-section-height-default qodef-elementor-content-no\" data-id=\"e8f569b\" data-element_type=\"section\">\n\t\t\t\t\t\t<div class=\"elementor-container elementor-column-gap-default\">\n\t\t\t\t\t<div class=\"elementor-column elementor-col-100 elementor-top-column elementor-element elementor-element-aa889e4\" data-id=\"aa889e4\" data-element_type=\"column\">\n\t\t\t<div class=\"elementor-widget-wrap elementor-element-populated\">\n\t\t\t\t\t\t<div class=\"elementor-element elementor-element-f69e105 elementor-align-center elementor-widget elementor-widget-button\" data-id=\"f69e105\" data-element_type=\"widget\" data-widget_type=\"button.default\">\n\t\t\t\t<div class=\"elementor-widget-container\">\n\t\t\t\t\t\t\t\t\t<div class=\"elementor-button-wrapper\">\n\t\t\t\t\t<a class=\"elementor-button elementor-button-link elementor-size-sm\" href=\"https:\/\/manon.fr\/index.html?requiredAge=18&#038;x=0&#038;y=0\">\n\t\t\t\t\t\t<span class=\"elementor-button-content-wrapper\">\n\t\t\t\t\t\t\t\t\t<span class=\"elementor-button-text\">Site Internet Manon<\/span>\n\t\t\t\t\t<\/span>\n\t\t\t\t\t<\/a>\n\t\t\t\t<\/div>\n\t\t\t\t\t\t\t\t<\/div>\n\t\t\t\t<\/div>\n\t\t\t\t<div class=\"elementor-element elementor-element-7a1ca57 elementor-widget-divider--view-line elementor-widget elementor-widget-divider\" data-id=\"7a1ca57\" data-element_type=\"widget\" data-widget_type=\"divider.default\">\n\t\t\t\t<div class=\"elementor-widget-container\">\n\t\t\t\t\t\t\t<div class=\"elementor-divider\">\n\t\t\t<span class=\"elementor-divider-separator\">\n\t\t\t\t\t\t<\/span>\n\t\t<\/div>\n\t\t\t\t\t\t<\/div>\n\t\t\t\t<\/div>\n\t\t\t\t\t<\/div>\n\t\t<\/div>\n\t\t\t\t\t<\/div>\n\t\t<\/section>\n\t\t\t\t<section class=\"elementor-section elementor-top-section elementor-element elementor-element-2ec6337 elementor-section-boxed elementor-section-height-default elementor-section-height-default qodef-elementor-content-no\" data-id=\"2ec6337\" data-element_type=\"section\">\n\t\t\t\t\t\t<div class=\"elementor-container elementor-column-gap-default\">\n\t\t\t\t\t<div class=\"elementor-column elementor-col-100 elementor-top-column elementor-element elementor-element-736a996\" data-id=\"736a996\" data-element_type=\"column\">\n\t\t\t<div class=\"elementor-widget-wrap elementor-element-populated\">\n\t\t\t\t\t\t<div class=\"elementor-element elementor-element-08faede elementor-widget elementor-widget-text-editor\" data-id=\"08faede\" data-element_type=\"widget\" data-widget_type=\"text-editor.default\">\n\t\t\t\t<div class=\"elementor-widget-container\">\n\t\t\t\t\t\t\t\t\t<p><span style=\"background-color: rgb(255, 255, 255);\">L\u2019abus d\u2019alcool est dangereux pour la sant\u00e9, \u00e0 consommer avec mod\u00e9ration.&nbsp;<\/span><br><\/p>\t\t\t\t\t\t\t\t<\/div>\n\t\t\t\t<\/div>\n\t\t\t\t\t<\/div>\n\t\t<\/div>\n\t\t\t\t\t<\/div>\n\t\t<\/section>\n\t\t\t\t<\/div>\n\t\t","protected":false},"excerpt":{"rendered":"<p>N\u00e9e au coeur des C\u00f4tes de Provence,\u00a0Manon\u00a0est issue d\u2019une s\u00e9lection des meilleures parcelles de l\u2019appellation. Son embl\u00e8me, l\u2019olivier, rappelle son terroir de pr\u00e9dilection, entre mer et terre, au milieu des paysages m\u00e9diterran\u00e9ens. L\u2019assemblage et l\u2019\u00e9levage de Manon sont r\u00e9alis\u00e9s par nos \u00e9quipes avec le souci permanent d\u2019illustrer la typicit\u00e9 et l\u2019authenticit\u00e9 du terroir dont sont [&hellip;]<\/p>\n","protected":false},"author":6,"featured_media":10655,"comment_status":"closed","ping_status":"closed","sticky":false,"template":"","format":"standard","meta":{"_vp_format_video_url":"","_vp_image_focal_point":[],"footnotes":""},"categories":[3],"tags":[213,332,49,82],"class_list":["post-10653","post","type-post","status-publish","format-standard","has-post-thumbnail","hentry","category-revues-de-presse","tag-article","tag-edition-limitee-2","tag-manon","tag-provence"],"_links":{"self":[{"href":"https:\/\/ravoire.fr\/blog\/wp-json\/wp\/v2\/posts\/10653","targetHints":{"allow":["GET"]}}],"collection":[{"href":"https:\/\/ravoire.fr\/blog\/wp-json\/wp\/v2\/posts"}],"about":[{"href":"https:\/\/ravoire.fr\/blog\/wp-json\/wp\/v2\/types\/post"}],"author":[{"embeddable":true,"href":"https:\/\/ravoire.fr\/blog\/wp-json\/wp\/v2\/users\/6"}],"replies":[{"embeddable":true,"href":"https:\/\/ravoire.fr\/blog\/wp-json\/wp\/v2\/comments?post=10653"}],"version-history":[{"count":20,"href":"https:\/\/ravoire.fr\/blog\/wp-json\/wp\/v2\/posts\/10653\/revisions"}],"predecessor-version":[{"id":10676,"href":"https:\/\/ravoire.fr\/blog\/wp-json\/wp\/v2\/posts\/10653\/revisions\/10676"}],"wp:featuredmedia":[{"embeddable":true,"href":"https:\/\/ravoire.fr\/blog\/wp-json\/wp\/v2\/media\/10655"}],"wp:attachment":[{"href":"https:\/\/ravoire.fr\/blog\/wp-json\/wp\/v2\/media?parent=10653"}],"wp:term":[{"taxonomy":"category","embeddable":true,"href":"https:\/\/ravoire.fr\/blog\/wp-json\/wp\/v2\/categories?post=10653"},{"taxonomy":"post_tag","embeddable":true,"href":"https:\/\/ravoire.fr\/blog\/wp-json\/wp\/v2\/tags?post=10653"}],"curies":[{"name":"wp","href":"https:\/\/api.w.org\/{rel}","templated":true}]}}