{"id":10520,"date":"2024-01-10T09:00:00","date_gmt":"2024-01-10T08:00:00","guid":{"rendered":"https:\/\/ravoire.fr\/blog\/?p=10520"},"modified":"2024-01-10T16:41:33","modified_gmt":"2024-01-10T15:41:33","slug":"vitisphere-top-20-des-personnalites-du-vin-de-lannee-2023","status":"publish","type":"post","link":"https:\/\/ravoire.fr\/blog\/vitisphere-top-20-des-personnalites-du-vin-de-lannee-2023\/","title":{"rendered":"Vitisph\u00e8re &#8211; Top 20 des personnalit\u00e9s du vin de l&rsquo;ann\u00e9e 2023"},"content":{"rendered":"\t\t<div data-elementor-type=\"wp-post\" data-elementor-id=\"10520\" class=\"elementor elementor-10520\">\n\t\t\t\t\t\t<section class=\"elementor-section elementor-top-section elementor-element elementor-element-830ae02 elementor-section-boxed elementor-section-height-default elementor-section-height-default qodef-elementor-content-no\" data-id=\"830ae02\" data-element_type=\"section\">\n\t\t\t\t\t\t<div class=\"elementor-container elementor-column-gap-default\">\n\t\t\t\t\t<div class=\"elementor-column elementor-col-100 elementor-top-column elementor-element elementor-element-910c7e7\" data-id=\"910c7e7\" data-element_type=\"column\">\n\t\t\t<div class=\"elementor-widget-wrap elementor-element-populated\">\n\t\t\t\t\t\t<div class=\"elementor-element elementor-element-afb429d elementor-widget elementor-widget-heading\" data-id=\"afb429d\" data-element_type=\"widget\" data-widget_type=\"heading.default\">\n\t\t\t\t<div class=\"elementor-widget-container\">\n\t\t\t\t\t<h2 class=\"elementor-heading-title elementor-size-large\">Alexandra Parfus - Madame R\u00e9emploi<\/h2>\t\t\t\t<\/div>\n\t\t\t\t<\/div>\n\t\t\t\t<div class=\"elementor-element elementor-element-7f4e56d elementor-widget elementor-widget-text-editor\" data-id=\"7f4e56d\" data-element_type=\"widget\" data-widget_type=\"text-editor.default\">\n\t\t\t\t<div class=\"elementor-widget-container\">\n\t\t\t\t\t\t\t\t\t<p>Depuis qu\u2019Alexandra Parfus a rejoint maison Ravoire en 2018, l\u2019entreprise a chang\u00e9 de dimension. Cette entit\u00e9 de n\u00e9goce, jusque-l\u00e0 plut\u00f4t discr\u00e8te, se retrouve r\u00e9guli\u00e8rement sous les feux des projecteurs. Carrefour l\u2019a ainsi mis en avant dans le cadre de son programme <a href=\"https:\/\/exploreloop.com\/Carrefour\/\"><b>Loop <\/b><\/a>sur le r\u00e9emploi des bouteilles en verre aux c\u00f4t\u00e9s de grandes marques de bi\u00e8res et de spiritueux. Et, si cela arriv\u00e9 c\u2019est incontestablement gr\u00e2ce \u00e0 Alexandra Parfus qui a pris \u00e0 bras le corps la th\u00e9matique du r\u00e9emploi au sein de l\u2019entreprise. D\u2019abord embauch\u00e9e comme&nbsp;<em>brand manager<\/em>, elle dirige aujourd\u2019hui le service marketing et d\u00e9veloppement. S\u2019y ajoute depuis 2019, le sujet de la Responsabilit\u00e9 Soci\u00e9tale des Entreprises (RSE).<\/p>\n<p>Propos\u00e9e par les lecteurs de&nbsp;<em>Vitisphere<\/em>&nbsp;pour figurer dans ce top 20, cette dipl\u00f4m\u00e9e de l\u2019Essec, pass\u00e9e par LVMH \u00e0 \u00c9pernay puis en Afrique du Sud chez l\u2019importateur du g\u00e9ant du luxe, r\u00e9serv\u00e9e \u00e0 ses d\u00e9buts, a pris de l\u2019assurance au fil des ann\u00e9es.&nbsp;<em>\u00ab&nbsp;Alexandra nous bouscule beaucoup,<\/em>&nbsp;assure Daniel Z\u00e9bic, directeur commercial de Maison Ravoire.&nbsp;<em>Mais, elle a fait \u00e9voluer dans le bon sens le marketing de nos gammes.&nbsp;\u00bb<\/em>&nbsp;Elle est notamment \u00e0 l\u2019origine du repositionnement r\u00e9ussi de,<a href=\"https:\/\/ravoire.fr\/Boutique\/content\/14-l-univers-manon\"><b> Manon, la marque de C\u00f4tes-de-Provence<\/b><\/a> ros\u00e9 de l\u2019entreprise qui flirte avec le million de cols.&nbsp;<em>\u00ab&nbsp;Son recrutement s\u2019est fait dans la foul\u00e9e de son entretien&nbsp;\u00bb<\/em>, se souvient Olivier Ravoire, directeur g\u00e9n\u00e9ral qui a imm\u00e9diatement per\u00e7u le potentiel de la jeune femme.&nbsp;<em>\u00ab&nbsp;J\u2019estime avoir beaucoup de chance de pouvoir mener de front en totale autonomie des projets d\u2019envergure qui me semblaient essentiels<\/em>, pr\u00e9cise de son c\u00f4t\u00e9 l\u2019int\u00e9ress\u00e9e.<\/p>\n<p>Gr\u00e2ce \u00e0 son travail, la gamme de vins de la vall\u00e9e du Rh\u00f4ne de <a href=\"https:\/\/ravoire.fr\/Boutique\/content\/33-nos-cuvees-reemployables\"><b>Maison Ravoire est aujourd\u2019hui en bouteilles r\u00e9employables<\/b><\/a>. Pour y parvenir, les \u00e9tiquettes ont bascul\u00e9 sur des supports lavables. Maintenant qu\u2019elle est la maman d\u2019une fillette de 4 mois, elle se dit encore plus responsable de l\u2019impact de son entreprise sur l\u2019environnement et le r\u00f4le qu\u2019elle peut jouer dans ce domaine.&nbsp;<\/p>\n<p><\/p>\n<p>Chantal Sarrazin<\/p>\n<p><br><\/p>\t\t\t\t\t\t\t\t<\/div>\n\t\t\t\t<\/div>\n\t\t\t\t<div class=\"elementor-element elementor-element-0914c91 elementor-widget elementor-widget-heading\" data-id=\"0914c91\" data-element_type=\"widget\" data-widget_type=\"heading.default\">\n\t\t\t\t<div class=\"elementor-widget-container\">\n\t\t\t\t\t<h2 class=\"elementor-heading-title elementor-size-large\">Pour nous soutenir...<\/h2>\t\t\t\t<\/div>\n\t\t\t\t<\/div>\n\t\t\t\t<div class=\"elementor-element elementor-element-0caff43 elementor-widget elementor-widget-text-editor\" data-id=\"0caff43\" data-element_type=\"widget\" data-widget_type=\"text-editor.default\">\n\t\t\t\t<div class=\"elementor-widget-container\">\n\t\t\t\t\t\t\t\t\t<p><strong>Nous vous invitons \u00e0 voter ! <\/strong><\/p>\n<p>Pour cela rien de plus simple, il vous suffit de<span style=\"text-decoration: underline;\"> cliquer sur lien suivant<\/span> puis, une fois ouvert, <span style=\"text-decoration: underline;\">cliquer sur le pouce \u00e0 c\u00f4t\u00e9 de son nom.<\/span> Un grand merci \u00e0 tous !&nbsp; <strong><a href=\"https:\/\/www.vitisphere.com\/webdocu\/top20_du_vin_2023\/personnalites_vin-110-Alexandra-Parfus.htm\">https:\/\/www.vitisphere.com\/webdocu\/top20_du_vin_2023\/personnalites_vin-110-Alexandra-Parfus.htm<\/a><\/strong><\/p>\n<p><\/p>\n<p>Les votes sont ouverts jusqu&rsquo;au 16 janvier 2024 &#8211; 12h00.&nbsp;<\/p>\t\t\t\t\t\t\t\t<\/div>\n\t\t\t\t<\/div>\n\t\t\t\t\t<\/div>\n\t\t<\/div>\n\t\t\t\t\t<\/div>\n\t\t<\/section>\n\t\t\t\t<\/div>\n\t\t","protected":false},"excerpt":{"rendered":"<p>Alexandra Parfus &#8211; Madame R\u00e9emploi Depuis qu\u2019Alexandra Parfus a rejoint maison Ravoire en 2018, l\u2019entreprise a chang\u00e9 de dimension. Cette entit\u00e9 de n\u00e9goce, jusque-l\u00e0 plut\u00f4t discr\u00e8te, se retrouve r\u00e9guli\u00e8rement sous les feux des projecteurs. Carrefour l\u2019a ainsi mis en avant dans le cadre de son programme Loop sur le r\u00e9emploi des bouteilles en verre aux [&hellip;]<\/p>\n","protected":false},"author":6,"featured_media":10529,"comment_status":"closed","ping_status":"closed","sticky":false,"template":"","format":"standard","meta":{"_vp_format_video_url":"","_vp_image_focal_point":[],"footnotes":""},"categories":[3],"tags":[213,318,15,212,325],"class_list":["post-10520","post","type-post","status-publish","format-standard","has-post-thumbnail","hentry","category-revues-de-presse","tag-article","tag-equipe","tag-famille-ravoire","tag-reemploi","tag-vitisphere"],"_links":{"self":[{"href":"https:\/\/ravoire.fr\/blog\/wp-json\/wp\/v2\/posts\/10520","targetHints":{"allow":["GET"]}}],"collection":[{"href":"https:\/\/ravoire.fr\/blog\/wp-json\/wp\/v2\/posts"}],"about":[{"href":"https:\/\/ravoire.fr\/blog\/wp-json\/wp\/v2\/types\/post"}],"author":[{"embeddable":true,"href":"https:\/\/ravoire.fr\/blog\/wp-json\/wp\/v2\/users\/6"}],"replies":[{"embeddable":true,"href":"https:\/\/ravoire.fr\/blog\/wp-json\/wp\/v2\/comments?post=10520"}],"version-history":[{"count":19,"href":"https:\/\/ravoire.fr\/blog\/wp-json\/wp\/v2\/posts\/10520\/revisions"}],"predecessor-version":[{"id":10543,"href":"https:\/\/ravoire.fr\/blog\/wp-json\/wp\/v2\/posts\/10520\/revisions\/10543"}],"wp:featuredmedia":[{"embeddable":true,"href":"https:\/\/ravoire.fr\/blog\/wp-json\/wp\/v2\/media\/10529"}],"wp:attachment":[{"href":"https:\/\/ravoire.fr\/blog\/wp-json\/wp\/v2\/media?parent=10520"}],"wp:term":[{"taxonomy":"category","embeddable":true,"href":"https:\/\/ravoire.fr\/blog\/wp-json\/wp\/v2\/categories?post=10520"},{"taxonomy":"post_tag","embeddable":true,"href":"https:\/\/ravoire.fr\/blog\/wp-json\/wp\/v2\/tags?post=10520"}],"curies":[{"name":"wp","href":"https:\/\/api.w.org\/{rel}","templated":true}]}}